{"id":79,"date":"2016-03-14T16:15:19","date_gmt":"2016-03-14T15:15:19","guid":{"rendered":"http:\/\/www.jananews.cz\/WP\/index.php\/2016\/03\/14\/paulo-coleho-hleda-malire-ze-zlate-ulicky\/"},"modified":"2020-08-16T22:50:31","modified_gmt":"2020-08-16T20:50:31","slug":"paulo-coleho-hleda-malire-ze-zlate-ulicky","status":"publish","type":"post","link":"https:\/\/jananews.cz\/index.php\/2016\/03\/14\/paulo-coleho-hleda-malire-ze-zlate-ulicky\/","title":{"rendered":"Paulo Coelho hled\u00e1 mal\u00ed\u0159e ze Zlat\u00e9 uli\u010dky"},"content":{"rendered":"<p>PRAHA &#8211; Um\u011blce, s n\u00edm\u017e se setkal v roce 1982 v pra\u017esk\u00e9 Zlat\u00e9 uli\u010dce, hled\u00e1 spisovatel Paulo Coelho, kter\u00fd koncem t\u00fddne p\u0159ijede do Prahy oslavit milion prodan\u00fdch knih v \u010de\u0161tin\u011b a sv\u00e1tek svat\u00e9ho Josefa. Aby um\u011blce po mnoha letech poznal, zve\u0159ejnil brazilsk\u00fd pisovatel\u00a0 ot\u00e1zku, na n\u00ed\u017e dok\u00e1\u017ee odpov\u011bd\u011bt pouze onen nez\u00e1m\u00fd mu\u017e.<\/p>\n<p><!--more--><\/p>\n<p>Coelho na sv\u00e9m twitterov\u00e9m \u00fa\u010dtu i osobn\u00edch str\u00e1nk\u00e1ch zve\u0159ejnil dopis, kter\u00fd jej m\u00e1 dov\u00e9st k um\u011blci, se kter\u00fdm se p\u0159ed v\u00edce ne\u017e \u010dty\u0159ia\u010dty\u0159iceti lety v Praze potkal. P\u0159ilo\u017eil I podobu obr\u00e1zk\u016f, kter\u00e9 si od mal\u00ed\u0159e koupil.<\/p>\n<p>\u201cM\u00edl\u00ed p\u0159\u00e1tel\u00e9, v roce 1982 jsme se se \u017eenou rozhodli cestovat bez n\u011bjak\u00e9ho specifick\u00e9ho c\u00edle. B\u011bhem n\u011bkolika m\u011bs\u00edc\u016f jsme nav\u0161t\u00edvili mnoho zem\u00ed. V lednu 1982 jsme skon\u010dili v Praze (b\u011bhem komunistick\u00e9ho re\u017eimu).<\/p>\n<p>24. ledna v ned\u011bli r\u00e1no jsme ve Zlat\u00e9 uli\u010dce vid\u011bli osamocenou postavu, kter\u00e1 malovala. Byla zima, mrzlo, ale ten mu\u017e tam i p\u0159esto byl. M\u00e1 \u017eena a j\u00e1 jsme byli krom\u011b n\u011bj jedin\u00fdmi lidmi na ulici. Rozhodl jsem se koupit jednu z jeho maleb. Byl tak \u0161\u0165astn\u00fd, \u017ee namaloval mou \u017eenu zadarmo. Bylo mi to trochu trapn\u00e9, ale kdy\u017e jsem se na n\u011bj d\u00edval, napadlo m\u011b, \u017ee je pro m\u011b jasn\u00fdm p\u0159\u00edkladem. Nikdo nic nekupuje, ale to mu nebr\u00e1n\u00ed v tom, aby d\u011blal to, co chce.<\/p>\n<p>Nakonec jsem mu dal dva d\u00e1rky, jedin\u00e9 v\u011bci, kter\u00e9 jsem m\u011bl v kapse.<\/p>\n<p>P\u0159\u00e1l bych si, abych ho mohl 19. b\u0159ezna znovu potkat p\u0159i p\u0159\u00edle\u017eitosti m\u00e9ho v\u00fdro\u010d\u00ed prodan\u00fdch knih, kter\u00e9 se tentokr\u00e1t bude konat pr\u00e1v\u011b v Praze. Pravd\u011bpodobn\u011b u\u017e d\u011bl\u00e1 n\u011bco jin\u00e9ho. Kdy\u017e jsme se setkali, bylo mu kolem p\u011btadvaceti let.<\/p>\n<p>Bude m\u00fdm \u010destn\u00fdm hostem. Pozn\u00e1m ho tak, \u017ee p\u0159esn\u011b identifikuje ob\u011b v\u011bci, kter\u00e9 jsem mu tehdy dal.<\/p>\n<p>Pokud m\u00e1te jak\u00e9koli informace, kter\u00e9 by vedly k hledan\u00e9mu mal\u00ed\u0159i, napi\u0161te mi na: <a href=\"mailto:marcelojosemendonca@hotmail.com\">marcelojosemendonca@hotmail.com<\/a>. V emailu mus\u00ed b\u00fdt naps\u00e1no, jak\u00e9 d\u00e1rky jsem mu dal.<\/p>\n<p>S l\u00e1skou<br \/>\nPaulo&#8220;<\/p>\n<p>Text:Ji\u0159\u00ed K. R\u016f\u017ei\u010dka<\/p>\n","protected":false},"excerpt":{"rendered":"<p>PRAHA &#8211; Um\u011blce, s n\u00edm\u017e se setkal v roce 1982 v pra\u017esk\u00e9 Zlat\u00e9 uli\u010dce, hled\u00e1 spisovatel Paulo Coelho, kter\u00fd koncem t\u00fddne p\u0159ijede do Prahy oslavit milion prodan\u00fdch knih v \u010de\u0161tin\u011b a sv\u00e1tek svat\u00e9ho Josefa. Aby um\u011blce po mnoha letech poznal, zve\u0159ejnil brazilsk\u00fd pisovatel\u00a0 ot\u00e1zku, na n\u00ed\u017e dok\u00e1\u017ee odpov\u011bd\u011bt pouze onen nez\u00e1m\u00fd mu\u017e.<\/p>\n","protected":false},"author":1,"featured_media":398,"comment_status":"open","ping_status":"open","sticky":false,"template":"","format":"standard","meta":[],"categories":[9],"tags":[],"_links":{"self":[{"href":"https:\/\/jananews.cz\/index.php\/wp-json\/wp\/v2\/posts\/79"}],"collection":[{"href":"https:\/\/jananews.cz\/index.php\/wp-json\/wp\/v2\/posts"}],"about":[{"href":"https:\/\/jananews.cz\/index.php\/wp-json\/wp\/v2\/types\/post"}],"author":[{"embeddable":true,"href":"https:\/\/jananews.cz\/index.php\/wp-json\/wp\/v2\/users\/1"}],"replies":[{"embeddable":true,"href":"https:\/\/jananews.cz\/index.php\/wp-json\/wp\/v2\/comments?post=79"}],"version-history":[{"count":1,"href":"https:\/\/jananews.cz\/index.php\/wp-json\/wp\/v2\/posts\/79\/revisions"}],"predecessor-version":[{"id":507,"href":"https:\/\/jananews.cz\/index.php\/wp-json\/wp\/v2\/posts\/79\/revisions\/507"}],"wp:featuredmedia":[{"embeddable":true,"href":"https:\/\/jananews.cz\/index.php\/wp-json\/wp\/v2\/media\/398"}],"wp:attachment":[{"href":"https:\/\/jananews.cz\/index.php\/wp-json\/wp\/v2\/media?parent=79"}],"wp:term":[{"taxonomy":"category","embeddable":true,"href":"https:\/\/jananews.cz\/index.php\/wp-json\/wp\/v2\/categories?post=79"},{"taxonomy":"post_tag","embeddable":true,"href":"https:\/\/jananews.cz\/index.php\/wp-json\/wp\/v2\/tags?post=79"}],"curies":[{"name":"wp","href":"https:\/\/api.w.org\/{rel}","templated":true}]}}