{"id":81,"date":"2016-03-15T18:15:00","date_gmt":"2016-03-15T17:15:00","guid":{"rendered":"http:\/\/www.jananews.cz\/WP\/index.php\/2016\/03\/15\/lubos-pospisil-pokrti-albovy-box-v-akropoli\/"},"modified":"2016-03-15T18:15:00","modified_gmt":"2016-03-15T17:15:00","slug":"lubos-pospisil-pokrti-albovy-box-v-akropoli","status":"publish","type":"post","link":"https:\/\/jananews.cz\/index.php\/2016\/03\/15\/lubos-pospisil-pokrti-albovy-box-v-akropoli\/","title":{"rendered":"Lubo\u0161 Posp\u00ed\u0161il pok\u0159t\u00ed albov\u00fd box v Akropoli"},"content":{"rendered":"<p>PRAHA &#8211;\u00a0V\u00fdro\u010dn\u00ed koncert\u00a0 spojen\u00fd se k\u0159tem albov\u00e9ho boxu 5P Lubo\u0161e Posp\u00ed\u0161ila v pln\u00e9 s\u00edle a host\u00e9 p\u0159iv\u00edt\u00e1 ve st\u0159edu 16. b\u0159ezna pra\u017esk\u00fd Pal\u00e1c Akropolis. Lubo\u0161 Posp\u00ed\u0161il brzy oslav\u00ed 66 let, jako d\u00e1rek nad\u011bluje sob\u011b i fanou\u0161k\u016fm kompletn\u00ed diskografii. Koncert matadora \u010desk\u00e9 hudebn\u00ed sc\u00e9ny za\u010d\u00edn\u00e1 v 19:00 hodin.<\/p>\n<p>  <!--more-->  <\/p>\n<p>Krom\u011b protagonisty samotn\u00e9ho a jeho mlad\u00e9 kapely vystoup\u00ed\u00a0 \u0159ada host\u016f, mezi nimi\u017e nebudou chyb\u011bt nap\u0159\u00edklad Vladim\u00edr Mi\u0161\u00edk, nebo M\u00e1rdy z Vypsan\u00e9 fixy. Zp\u011bv\u00e1k\u016fv tenor za bic\u00edmi jist\u00ed hv\u011bzda mezi tuzemsk\u00fdmi bubenicemi P\u00e1ja T\u00e1bo\u0159\u00edkov\u00e1 (t\u00e9\u017e Jasn\u00e1 p\u00e1ka), elektrickou kytaru krot\u00ed Mirek Linhart (m.j. YoYo Band, \u017d\u00e1ha\u2026), kl\u00e1vesy kapeln\u00edka Ond\u0159eje Fencla (m.j. Schodi\u0161t\u011b, Vladim\u00edr Merta\u2026) tan\u010d\u00ed kolem, rytmiku dotv\u00e1\u0159\u00ed zku\u0161en\u00fd baskytarista Martin \u0160tec (ex-Vltava, I. Hlas).<\/p>\n<p>Lubo\u0161 Posp\u00ed\u0161il zah\u00e1jil svou hudebn\u00ed pou\u0165 v roce 1969 v \u0159ad\u00e1ch popul\u00e1rn\u00edho C&amp;K Vocalu a brzy se stal jeho nejobl\u00edben\u011bj\u0161\u00edm \u010dlenem. Z\u00e1sadn\u011b se pod\u00edlel nap\u0159. na pr\u016flomov\u00e9m LP Generace, zejm\u00e9na v druh\u00e9 p\u016flce sedm\u00e9 dek\u00e1dy za\u010dal paraleln\u011b jezdil po tuzemsk\u00fdch s\u00e1lech s\u00e1m s kytarou. V roce 1983 se pak jeho s\u00f3lov\u00e9 album Tenhle v\u00edtr jsem m\u011bl r\u00e1d se stalo bombou. A\u017e do roku 1988 pak vystupoval s kapelou 5P, pot\u00e9 p\u016fsobil s \u0159adou dal\u0161\u00edch muzikant\u016f nap\u0159. v kapel\u00e1ch Blue Effect a Hudba Praha.<\/p>\n<p>V l\u00e9t\u011b 2007 se Posp\u00ed\u0161il obklopil o dv\u011b a\u017e t\u0159i generace mlad\u0161\u00edmi muzikanty a na prahu \u0161edes\u00e1tky se pustil do z\u00e1sadn\u00ed etapy pod obnovenou zna\u010dkou 5P. T\u0159i \u0159adov\u00e1 alba korunovan\u00e1 aktu\u00e1ln\u00ed Soukromou elegi\u00ed (2014) spustila novou lavinu z\u00e1jmu. Turn\u00e9 st\u0159\u00edd\u00e1 turn\u00e9, v\u00fdjimkou posledn\u00ed dobou nejsou ani vyprodan\u00e9 s\u00e1ly.<\/p>\n<p>Text: Ji\u0159\u00ed K. R\u016f\u017ei\u010dka<br \/>Foto: Jan Hrd\u00fd<\/p>\n<p><img loading=\"lazy\" class=\" size-full wp-image-80\" src=\"https:\/\/jananews.cz\/wp-content\/uploads\/2016\/03\/lubospospisil5p.jpg\" alt=\"\" width=\"307\" height=\"380\" srcset=\"https:\/\/jananews.cz\/wp-content\/uploads\/2016\/03\/lubospospisil5p.jpg 388w, https:\/\/jananews.cz\/wp-content\/uploads\/2016\/03\/lubospospisil5p-243x300.jpg 243w\" sizes=\"(max-width: 307px) 100vw, 307px\" \/><\/p>\n<p>\u00a0<\/p>\n","protected":false},"excerpt":{"rendered":"<p>PRAHA &#8211;\u00a0V\u00fdro\u010dn\u00ed koncert\u00a0 spojen\u00fd se k\u0159tem albov\u00e9ho boxu 5P Lubo\u0161e Posp\u00ed\u0161ila v pln\u00e9 s\u00edle a host\u00e9 p\u0159iv\u00edt\u00e1 ve st\u0159edu 16. b\u0159ezna pra\u017esk\u00fd Pal\u00e1c Akropolis. Lubo\u0161 Posp\u00ed\u0161il brzy oslav\u00ed 66 let, jako d\u00e1rek nad\u011bluje sob\u011b i fanou\u0161k\u016fm kompletn\u00ed diskografii. Koncert matadora \u010desk\u00e9 hudebn\u00ed sc\u00e9ny za\u010d\u00edn\u00e1 v 19:00 hodin.<\/p>\n","protected":false},"author":1,"featured_media":80,"comment_status":"open","ping_status":"open","sticky":false,"template":"","format":"standard","meta":[],"categories":[7],"tags":[],"_links":{"self":[{"href":"https:\/\/jananews.cz\/index.php\/wp-json\/wp\/v2\/posts\/81"}],"collection":[{"href":"https:\/\/jananews.cz\/index.php\/wp-json\/wp\/v2\/posts"}],"about":[{"href":"https:\/\/jananews.cz\/index.php\/wp-json\/wp\/v2\/types\/post"}],"author":[{"embeddable":true,"href":"https:\/\/jananews.cz\/index.php\/wp-json\/wp\/v2\/users\/1"}],"replies":[{"embeddable":true,"href":"https:\/\/jananews.cz\/index.php\/wp-json\/wp\/v2\/comments?post=81"}],"version-history":[{"count":0,"href":"https:\/\/jananews.cz\/index.php\/wp-json\/wp\/v2\/posts\/81\/revisions"}],"wp:featuredmedia":[{"embeddable":true,"href":"https:\/\/jananews.cz\/index.php\/wp-json\/wp\/v2\/media\/80"}],"wp:attachment":[{"href":"https:\/\/jananews.cz\/index.php\/wp-json\/wp\/v2\/media?parent=81"}],"wp:term":[{"taxonomy":"category","embeddable":true,"href":"https:\/\/jananews.cz\/index.php\/wp-json\/wp\/v2\/categories?post=81"},{"taxonomy":"post_tag","embeddable":true,"href":"https:\/\/jananews.cz\/index.php\/wp-json\/wp\/v2\/tags?post=81"}],"curies":[{"name":"wp","href":"https:\/\/api.w.org\/{rel}","templated":true}]}}