{"id":814,"date":"2022-11-23T03:22:43","date_gmt":"2022-11-23T02:22:43","guid":{"rendered":"https:\/\/jananews.cz\/?p=814"},"modified":"2022-11-29T19:32:55","modified_gmt":"2022-11-29T18:32:55","slug":"vyrobce-vanocnich-ozdob-irisa-vsetin-chysta-den-otevrenych-dveri-a-mikulassky-jarmark","status":"publish","type":"post","link":"https:\/\/jananews.cz\/index.php\/2022\/11\/23\/vyrobce-vanocnich-ozdob-irisa-vsetin-chysta-den-otevrenych-dveri-a-mikulassky-jarmark\/","title":{"rendered":"V\u00fdrobce v\u00e1no\u010dn\u00edch ozdob IRISA Vset\u00edn  chyst\u00e1 Den otev\u0159en\u00fdch dve\u0159\u00ed a Mikul\u00e1\u0161sk\u00fd jarmark"},"content":{"rendered":"<p><strong>IRISA slav\u00ed 68 let od sv\u00e9ho vzniku a k t\u00e9to p\u0159\u00edle\u017eitosti chyst\u00e1 Den otev\u0159en\u00fdch dve\u0159\u00ed. Pokud jste milovn\u00edci V\u00e1noc, p\u0159ij\u010fte se pod\u00edvat 3. prosince 2022 od 8:00 do 14:00 hod. na Den otev\u0159en\u00fdch dve\u0159\u00ed spojen\u00fd s\u00a0Mikul\u00e1\u0161sk\u00fdm jarmarkem, pokochat se magickou kr\u00e1sou v\u00e1no\u010dn\u00edch dekorac\u00ed a prohl\u00e9dnout si, jak se za posledn\u00edch 68 let nezm\u011bnil p\u016fvab ru\u010dn\u011b foukan\u00fdch sklen\u011bn\u00fdch v\u00e1no\u010dn\u00edch ozdob.<\/strong><strong>\u00a0<\/strong><!--more--><\/p>\n<p>Sv\u011bt se m\u011bn\u00ed, n\u00e1lada spole\u010dnosti se m\u011bn\u00ed stejn\u011b jako jej\u00ed vkus, ale to, co st\u00e1le z\u016fst\u00e1v\u00e1 je celospole\u010densk\u00e1 obliba tradi\u010dn\u00edho sv\u00e1tku p\u0159ipom\u00ednaj\u00edc\u00ed narozen\u00ed Je\u017e\u00ed\u0161e Krista.\u00a0V\u00e1noce jsou obdob\u00edm, kdy dostaneme \u010das na odpo\u010dinek str\u00e1ven\u00fd doma obklopeni rodinou. K t\u00e9 prav\u00e9 atmosf\u00e9\u0159e neodmysliteln\u011b pat\u0159\u00ed tak\u00e9 <strong>v\u00e1no\u010dn\u00ed dekorace<\/strong>, kter\u00e9 v\u00e9vod\u00ed strome\u010dek. Mnoho takov\u00fdch strome\u010dk\u016f u n\u00e1s i za hranicemi zdob\u00ed u\u017e od roku 1954 sklen\u011bn\u00e9 ozdoby z d\u00edlny vset\u00ednsk\u00e9ho v\u00fdrobn\u00edho dru\u017estva IRISA, jeho\u017e ro\u010dn\u00ed produkce je cca 800 tis\u00edc ozdob.<\/p>\n<p>V\u00a0nab\u00eddce dru\u017estva IRISA naleznete <a href=\"http:\/\/velkoobchod.irisa.cz\/vanocni-ozdoby\/irisa-vanocni-ozdoby-anezka-bila-spice-s-dekorem-cibulak-30-cm--1-ks\/\">\u0161pice<\/a>, <a href=\"http:\/\/velkoobchod.irisa.cz\/vanocni-ozdoby\/irisa-vanocni-ozdoby-agata-bila-a-modra-oliva-s-dekorem-cibulak-8-cm--set-12-ks\/\">ov\u00e1ly<\/a> nebo <a href=\"http:\/\/velkoobchod.irisa.cz\/vanocni-ozdoby\/irisa-vanocni-ozdoby-dita-bile-koule-s-dekorem-cibulak-7-cm--6-ks\/\">v\u00e1no\u010dn\u00ed ba\u0148ky,<\/a> prod\u00e1van\u00e9 <a href=\"http:\/\/velkoobchod.irisa.cz\/vanocni-ozdoby\/irisa-vanocni-ozdoby-danka-bila-spice-s-dekorem-cibulak-30-cm--1-ks\/\">samostatn\u011b<\/a> nebo <a href=\"http:\/\/velkoobchod.irisa.cz\/vanocni-ozdoby\/irisa-vanocni-ozdoby-jitrenka-kombinace-tmave-a-svetle-hnede-koule-s-dekorem-pernik-7-cm--set-4-ks\/\">v sad\u00e1ch<\/a> v nejr\u016fzn\u011bj\u0161\u00edch barevn\u00fdch proveden\u00edch s ru\u010dn\u011b malovan\u00fdm vzorem. Sklen\u011bn\u00e9 ozdoby jsou ru\u010dn\u011b foukan\u00e9 speci\u00e1ln\u00ed patentovanou technikou st\u0159\u00edb\u0159en\u00edm zevnit\u0159 a d\u00edky tomu maj\u00ed siln\u011bj\u0161\u00ed barvu. Na takov\u00e9 ozdob\u011b pak v\u00edce vynikne ru\u010dn\u011b vykreslen\u00fd vzor a ka\u017ed\u00fd jeho detail. Novinkou z produkce jsou <a href=\"https:\/\/www.skleneneozdoby-irisa.cz\/luxusni-set-s-uloznym-boxem\/\">luxusn\u00ed sady ozdob<\/a> v posledn\u00edch letech velmi popul\u00e1rn\u00edch vzor\u016f &#8211; <a href=\"https:\/\/www.skleneneozdoby-irisa.cz\/vyhledavani\/?string=modrotisk\">modrotisk<\/a>, <a href=\"http:\/\/velkoobchod.irisa.cz\/vanocni-ozdoby\/irisa-vanocni-ozdoby-jitrenka-kombinace-tmave-a-svetle-hnede-koule-s-dekorem-pernik-7-cm--set-12-ks\/\">pern\u00ed\u010dky<\/a> nebo <a href=\"http:\/\/velkoobchod.irisa.cz\/tradice\/\">cibul\u00e1k<\/a>. D\u00e1le jsou to obl\u00edben\u00e9 <a href=\"http:\/\/velkoobchod.irisa.cz\/kreativni-sada\/\">kreativn\u00ed sady v\u00e1no\u010dn\u00edch ozdob<\/a> pro celou rodinu.<\/p>\n<p>IRISA si st\u00e1le dr\u017e\u00ed m\u00edsto jednoho z nejv\u00fdznamn\u011bj\u0161\u00edch <strong>zam\u011bstnavatel\u016f zdravotn\u011b posti\u017een\u00fdch osob<\/strong>, kte\u0159\u00ed tvo\u0159\u00ed v\u00edce ne\u017e polovinu ze v\u0161ech zhruba 300 zam\u011bstnanc\u016f dru\u017estva.<\/p>\n<p><strong>Ve Vset\u00edn\u011b m\u00e1 IRISA produktovou prodejnu na adrese Jasenick\u00e1 697. <\/strong>M\u016f\u017eete si tak\u00e9 prohl\u00e9dnout a odn\u00e9st ozdoby z d\u00edlny nebo si v r\u00e1mci exkurze prohl\u00e9dnout samotnou v\u00fdrobu.\u00a0V\u00e1no\u010dn\u00ed ozdoby si m\u016f\u017eete zakoupit krom\u011b podnikov\u00e9 prodejny tak\u00e9 v\u00a0e-shopu na webov\u00fdch str\u00e1nk\u00e1ch <a href=\"http:\/\/www.irisa.cz\">www.irisa.cz<\/a>.<\/p>\n<p>&nbsp;<\/p>\n<p><u>ODKAZY:<\/u><\/p>\n<p>Ofici\u00e1ln\u00ed webov\u00e1 prezentace a e-shop: <a href=\"http:\/\/www.irisa.cz\">www.irisa.cz<\/a><\/p>\n<p>Facebook: <a href=\"https:\/\/www.facebook.com\/profile.php?id=100063674587132\">https:\/\/www.facebook.com\/profile.php?id=100063674587132<\/a><\/p>\n<p>(-jh-)<\/p>\n<p><img loading=\"lazy\" class=\"alignnone size-medium wp-image-815\" src=\"https:\/\/jananews.cz\/wp-content\/uploads\/2022\/11\/irisa_1-300x225.jpg\" alt=\"\" width=\"300\" height=\"225\" srcset=\"https:\/\/jananews.cz\/wp-content\/uploads\/2022\/11\/irisa_1-300x225.jpg 300w, https:\/\/jananews.cz\/wp-content\/uploads\/2022\/11\/irisa_1-1024x768.jpg 1024w, https:\/\/jananews.cz\/wp-content\/uploads\/2022\/11\/irisa_1-768x576.jpg 768w, https:\/\/jananews.cz\/wp-content\/uploads\/2022\/11\/irisa_1-1536x1152.jpg 1536w, https:\/\/jananews.cz\/wp-content\/uploads\/2022\/11\/irisa_1-678x509.jpg 678w, https:\/\/jananews.cz\/wp-content\/uploads\/2022\/11\/irisa_1-326x245.jpg 326w, https:\/\/jananews.cz\/wp-content\/uploads\/2022\/11\/irisa_1-80x60.jpg 80w, https:\/\/jananews.cz\/wp-content\/uploads\/2022\/11\/irisa_1.jpg 2048w\" sizes=\"(max-width: 300px) 100vw, 300px\" \/> <img loading=\"lazy\" class=\"alignnone size-medium wp-image-818\" src=\"https:\/\/jananews.cz\/wp-content\/uploads\/2022\/11\/irisa_4-300x229.jpg\" alt=\"\" width=\"300\" height=\"229\" srcset=\"https:\/\/jananews.cz\/wp-content\/uploads\/2022\/11\/irisa_4-300x229.jpg 300w, https:\/\/jananews.cz\/wp-content\/uploads\/2022\/11\/irisa_4-1024x781.jpg 1024w, https:\/\/jananews.cz\/wp-content\/uploads\/2022\/11\/irisa_4-768x586.jpg 768w, https:\/\/jananews.cz\/wp-content\/uploads\/2022\/11\/irisa_4-1536x1172.jpg 1536w, https:\/\/jananews.cz\/wp-content\/uploads\/2022\/11\/irisa_4-80x60.jpg 80w, https:\/\/jananews.cz\/wp-content\/uploads\/2022\/11\/irisa_4.jpg 2048w\" sizes=\"(max-width: 300px) 100vw, 300px\" \/> <img loading=\"lazy\" class=\"alignnone size-medium wp-image-821\" src=\"https:\/\/jananews.cz\/wp-content\/uploads\/2022\/11\/irisa_7-300x229.jpg\" alt=\"\" width=\"300\" height=\"229\" srcset=\"https:\/\/jananews.cz\/wp-content\/uploads\/2022\/11\/irisa_7-300x229.jpg 300w, https:\/\/jananews.cz\/wp-content\/uploads\/2022\/11\/irisa_7-1024x783.jpg 1024w, https:\/\/jananews.cz\/wp-content\/uploads\/2022\/11\/irisa_7-768x587.jpg 768w, https:\/\/jananews.cz\/wp-content\/uploads\/2022\/11\/irisa_7-1536x1175.jpg 1536w, https:\/\/jananews.cz\/wp-content\/uploads\/2022\/11\/irisa_7-80x60.jpg 80w, https:\/\/jananews.cz\/wp-content\/uploads\/2022\/11\/irisa_7.jpg 2048w\" sizes=\"(max-width: 300px) 100vw, 300px\" \/> <img loading=\"lazy\" class=\"alignnone size-medium wp-image-816\" src=\"https:\/\/jananews.cz\/wp-content\/uploads\/2022\/11\/irisa_2-300x225.jpg\" alt=\"\" width=\"300\" height=\"225\" srcset=\"https:\/\/jananews.cz\/wp-content\/uploads\/2022\/11\/irisa_2-300x225.jpg 300w, https:\/\/jananews.cz\/wp-content\/uploads\/2022\/11\/irisa_2-1024x768.jpg 1024w, https:\/\/jananews.cz\/wp-content\/uploads\/2022\/11\/irisa_2-768x576.jpg 768w, https:\/\/jananews.cz\/wp-content\/uploads\/2022\/11\/irisa_2-1536x1152.jpg 1536w, https:\/\/jananews.cz\/wp-content\/uploads\/2022\/11\/irisa_2-678x509.jpg 678w, https:\/\/jananews.cz\/wp-content\/uploads\/2022\/11\/irisa_2-326x245.jpg 326w, https:\/\/jananews.cz\/wp-content\/uploads\/2022\/11\/irisa_2-80x60.jpg 80w, https:\/\/jananews.cz\/wp-content\/uploads\/2022\/11\/irisa_2.jpg 2048w\" sizes=\"(max-width: 300px) 100vw, 300px\" \/> <img loading=\"lazy\" class=\"alignnone size-medium wp-image-820\" src=\"https:\/\/jananews.cz\/wp-content\/uploads\/2022\/11\/irisa_6-300x225.jpg\" alt=\"\" width=\"300\" height=\"225\" srcset=\"https:\/\/jananews.cz\/wp-content\/uploads\/2022\/11\/irisa_6-300x225.jpg 300w, https:\/\/jananews.cz\/wp-content\/uploads\/2022\/11\/irisa_6-1024x768.jpg 1024w, https:\/\/jananews.cz\/wp-content\/uploads\/2022\/11\/irisa_6-768x576.jpg 768w, https:\/\/jananews.cz\/wp-content\/uploads\/2022\/11\/irisa_6-1536x1152.jpg 1536w, https:\/\/jananews.cz\/wp-content\/uploads\/2022\/11\/irisa_6-678x509.jpg 678w, https:\/\/jananews.cz\/wp-content\/uploads\/2022\/11\/irisa_6-326x245.jpg 326w, https:\/\/jananews.cz\/wp-content\/uploads\/2022\/11\/irisa_6-80x60.jpg 80w, https:\/\/jananews.cz\/wp-content\/uploads\/2022\/11\/irisa_6.jpg 2048w\" sizes=\"(max-width: 300px) 100vw, 300px\" \/> <img loading=\"lazy\" class=\"alignnone size-medium wp-image-819\" src=\"https:\/\/jananews.cz\/wp-content\/uploads\/2022\/11\/irisa_5-300x300.jpg\" alt=\"\" width=\"300\" height=\"300\" srcset=\"https:\/\/jananews.cz\/wp-content\/uploads\/2022\/11\/irisa_5-300x300.jpg 300w, https:\/\/jananews.cz\/wp-content\/uploads\/2022\/11\/irisa_5-1024x1024.jpg 1024w, https:\/\/jananews.cz\/wp-content\/uploads\/2022\/11\/irisa_5-150x150.jpg 150w, https:\/\/jananews.cz\/wp-content\/uploads\/2022\/11\/irisa_5-768x768.jpg 768w, https:\/\/jananews.cz\/wp-content\/uploads\/2022\/11\/irisa_5-1536x1536.jpg 1536w, https:\/\/jananews.cz\/wp-content\/uploads\/2022\/11\/irisa_5.jpg 2048w\" sizes=\"(max-width: 300px) 100vw, 300px\" \/> <img loading=\"lazy\" class=\"alignnone size-medium wp-image-817\" src=\"https:\/\/jananews.cz\/wp-content\/uploads\/2022\/11\/irisa_3-300x225.jpg\" alt=\"\" width=\"300\" height=\"225\" srcset=\"https:\/\/jananews.cz\/wp-content\/uploads\/2022\/11\/irisa_3-300x225.jpg 300w, https:\/\/jananews.cz\/wp-content\/uploads\/2022\/11\/irisa_3-1024x768.jpg 1024w, https:\/\/jananews.cz\/wp-content\/uploads\/2022\/11\/irisa_3-768x576.jpg 768w, https:\/\/jananews.cz\/wp-content\/uploads\/2022\/11\/irisa_3-1536x1152.jpg 1536w, https:\/\/jananews.cz\/wp-content\/uploads\/2022\/11\/irisa_3-678x509.jpg 678w, https:\/\/jananews.cz\/wp-content\/uploads\/2022\/11\/irisa_3-326x245.jpg 326w, https:\/\/jananews.cz\/wp-content\/uploads\/2022\/11\/irisa_3-80x60.jpg 80w, https:\/\/jananews.cz\/wp-content\/uploads\/2022\/11\/irisa_3.jpg 2048w\" sizes=\"(max-width: 300px) 100vw, 300px\" \/> <img loading=\"lazy\" class=\"alignnone size-medium wp-image-822\" src=\"https:\/\/jananews.cz\/wp-content\/uploads\/2022\/11\/irisa_8-300x300.jpg\" alt=\"\" width=\"300\" height=\"300\" srcset=\"https:\/\/jananews.cz\/wp-content\/uploads\/2022\/11\/irisa_8-300x300.jpg 300w, https:\/\/jananews.cz\/wp-content\/uploads\/2022\/11\/irisa_8-150x150.jpg 150w, https:\/\/jananews.cz\/wp-content\/uploads\/2022\/11\/irisa_8.jpg 500w\" sizes=\"(max-width: 300px) 100vw, 300px\" \/><\/p>\n","protected":false},"excerpt":{"rendered":"<p>IRISA slav\u00ed 68 let od sv\u00e9ho vzniku a k t\u00e9to p\u0159\u00edle\u017eitosti chyst\u00e1 Den otev\u0159en\u00fdch dve\u0159\u00ed. Pokud jste milovn\u00edci V\u00e1noc, p\u0159ij\u010fte se pod\u00edvat 3. prosince 2022 od 8:00 do 14:00 hod. na Den otev\u0159en\u00fdch dve\u0159\u00ed spojen\u00fd s\u00a0Mikul\u00e1\u0161sk\u00fdm jarmarkem, pokochat se magickou kr\u00e1sou v\u00e1no\u010dn\u00edch dekorac\u00ed a prohl\u00e9dnout si, jak se za posledn\u00edch 68 let nezm\u011bnil p\u016fvab ru\u010dn\u011b<\/p>\n","protected":false},"author":1,"featured_media":821,"comment_status":"closed","ping_status":"open","sticky":false,"template":"","format":"standard","meta":[],"categories":[7,8,9],"tags":[],"_links":{"self":[{"href":"https:\/\/jananews.cz\/index.php\/wp-json\/wp\/v2\/posts\/814"}],"collection":[{"href":"https:\/\/jananews.cz\/index.php\/wp-json\/wp\/v2\/posts"}],"about":[{"href":"https:\/\/jananews.cz\/index.php\/wp-json\/wp\/v2\/types\/post"}],"author":[{"embeddable":true,"href":"https:\/\/jananews.cz\/index.php\/wp-json\/wp\/v2\/users\/1"}],"replies":[{"embeddable":true,"href":"https:\/\/jananews.cz\/index.php\/wp-json\/wp\/v2\/comments?post=814"}],"version-history":[{"count":1,"href":"https:\/\/jananews.cz\/index.php\/wp-json\/wp\/v2\/posts\/814\/revisions"}],"predecessor-version":[{"id":823,"href":"https:\/\/jananews.cz\/index.php\/wp-json\/wp\/v2\/posts\/814\/revisions\/823"}],"wp:featuredmedia":[{"embeddable":true,"href":"https:\/\/jananews.cz\/index.php\/wp-json\/wp\/v2\/media\/821"}],"wp:attachment":[{"href":"https:\/\/jananews.cz\/index.php\/wp-json\/wp\/v2\/media?parent=814"}],"wp:term":[{"taxonomy":"category","embeddable":true,"href":"https:\/\/jananews.cz\/index.php\/wp-json\/wp\/v2\/categories?post=814"},{"taxonomy":"post_tag","embeddable":true,"href":"https:\/\/jananews.cz\/index.php\/wp-json\/wp\/v2\/tags?post=814"}],"curies":[{"name":"wp","href":"https:\/\/api.w.org\/{rel}","templated":true}]}}