{"id":83,"date":"2016-03-15T18:34:24","date_gmt":"2016-03-15T17:34:24","guid":{"rendered":"http:\/\/www.jananews.cz\/WP\/index.php\/2016\/03\/15\/prazane-mohou-ode-dneska-zadat-o-dotace-z-programu-zelena-usporam\/"},"modified":"2016-03-15T18:34:24","modified_gmt":"2016-03-15T17:34:24","slug":"prazane-mohou-ode-dneska-zadat-o-dotace-z-programu-zelena-usporam","status":"publish","type":"post","link":"https:\/\/jananews.cz\/index.php\/2016\/03\/15\/prazane-mohou-ode-dneska-zadat-o-dotace-z-programu-zelena-usporam\/","title":{"rendered":"Pra\u017ean\u00e9 mohou ode dne\u0161ka \u017e\u00e1dat o dotace z programu Zelen\u00e1 \u00faspor\u00e1m"},"content":{"rendered":"<p>PRAHA &#8211; \u017d\u00e1dosti o dotaci na energeticky \u00fasporn\u00e1 opat\u0159en\u00ed mohou ode dne\u0161ka pod\u00e1vat obyvatel\u00e9 hlavn\u00edho m\u011bsta. V r\u00e1mci programu Zelen\u00e1 \u00faspor\u00e1m mohou z\u00edskat\u00a0 finance na zateplen\u00ed a v\u00fdm\u011bnu oken i dve\u0159\u00ed, ale tak\u00e9 na v\u00fdm\u011bnu kotle na tuh\u00e1 paliva nebo instalaci sol\u00e1rn\u00edho syst\u00e9mu, rekuperaci, vypracov\u00e1n\u00ed projektu a technick\u00fd dozor.<\/p>\n<p>  <!--more-->  <\/p>\n<p>\u201eVlastn\u00edk\u016fm bytov\u00fdch dom\u016f na \u00fazem\u00ed Prahy m\u016f\u017eeme ji\u017e dnes nab\u00eddnout v\u00edce ne\u017e 250 milion\u016f korun, dal\u0161\u00ed prost\u0159edky budou postupn\u011b p\u0159ib\u00fdvat s uskute\u010dn\u011bn\u00fdmi prodeji emisn\u00edch povolenek,\u201c uvedl ministr \u017eivotn\u00edho prost\u0159ed\u00ed Richard Brabec, podle n\u011bho\u017e ministerstvo o\u010dek\u00e1v\u00e1, \u017ee z programu letos p\u0159erozd\u011bl\u00ed na dotac\u00edch pro rodinn\u00e9 i bytov\u00e9 domy zhruba 2 miliardy korun.<\/p>\n<p>Pro majitele dom\u016f je\u00a0 p\u0159itom podle ministra jist\u011b zaj\u00edmav\u00e1 i mo\u017enost po\u017e\u00e1dat si o podporu na fotovoltaick\u00e9 syst\u00e9my, co\u017e m\u016f\u017ee v\u00fdznamn\u011b sn\u00ed\u017eit n\u00e1klady na elektrickou energii jak v jednotliv\u00fdch bytech, tak ve spole\u010dn\u00fdch prostor\u00e1ch bytov\u00fdch dom\u016f.<\/p>\n<p>P\u0159\u00edjem \u017e\u00e1dost\u00ed o dotaci na St\u00e1tn\u00edm fondu \u017eivotn\u00edho prost\u0159ed\u00ed \u010cR potrv\u00e1 a\u017e do konce roku 2021. V t\u011bchto letech pl\u00e1nuje program Nov\u00e1 zelen\u00e1 \u00faspor\u00e1m rozd\u011blit mezi p\u0159\u00edjemce v\u00edce ne\u017e 25 miliard korun. Kontinu\u00e1ln\u00ed v\u00fdzva pro pra\u017esk\u00e9 bytov\u00e9 domy nov\u011b nab\u00edz\u00ed podporu a\u017e do v\u00fd\u0161e 30 procent zp\u016fsobil\u00fdch v\u00fddaj\u016f, co\u017e je o 10 procent v\u00edce, ne\u017e v minul\u00fdch letech.<\/p>\n<p>Text: Libu\u0161e \u010capkov\u00e1<\/p>\n<p><img loading=\"lazy\" class=\" size-full wp-image-82\" src=\"https:\/\/jananews.cz\/wp-content\/uploads\/2016\/03\/photovoltaic.jpg\" alt=\"\" width=\"467\" height=\"330\" srcset=\"https:\/\/jananews.cz\/wp-content\/uploads\/2016\/03\/photovoltaic.jpg 467w, https:\/\/jananews.cz\/wp-content\/uploads\/2016\/03\/photovoltaic-300x212.jpg 300w\" sizes=\"(max-width: 467px) 100vw, 467px\" \/><\/p>\n","protected":false},"excerpt":{"rendered":"<p>PRAHA &#8211; \u017d\u00e1dosti o dotaci na energeticky \u00fasporn\u00e1 opat\u0159en\u00ed mohou ode dne\u0161ka pod\u00e1vat obyvatel\u00e9 hlavn\u00edho m\u011bsta. V r\u00e1mci programu Zelen\u00e1 \u00faspor\u00e1m mohou z\u00edskat\u00a0 finance na zateplen\u00ed a v\u00fdm\u011bnu oken i dve\u0159\u00ed, ale tak\u00e9 na v\u00fdm\u011bnu kotle na tuh\u00e1 paliva nebo instalaci sol\u00e1rn\u00edho syst\u00e9mu, rekuperaci, vypracov\u00e1n\u00ed projektu a technick\u00fd dozor.<\/p>\n","protected":false},"author":1,"featured_media":82,"comment_status":"open","ping_status":"open","sticky":false,"template":"","format":"standard","meta":[],"categories":[9],"tags":[],"_links":{"self":[{"href":"https:\/\/jananews.cz\/index.php\/wp-json\/wp\/v2\/posts\/83"}],"collection":[{"href":"https:\/\/jananews.cz\/index.php\/wp-json\/wp\/v2\/posts"}],"about":[{"href":"https:\/\/jananews.cz\/index.php\/wp-json\/wp\/v2\/types\/post"}],"author":[{"embeddable":true,"href":"https:\/\/jananews.cz\/index.php\/wp-json\/wp\/v2\/users\/1"}],"replies":[{"embeddable":true,"href":"https:\/\/jananews.cz\/index.php\/wp-json\/wp\/v2\/comments?post=83"}],"version-history":[{"count":0,"href":"https:\/\/jananews.cz\/index.php\/wp-json\/wp\/v2\/posts\/83\/revisions"}],"wp:featuredmedia":[{"embeddable":true,"href":"https:\/\/jananews.cz\/index.php\/wp-json\/wp\/v2\/media\/82"}],"wp:attachment":[{"href":"https:\/\/jananews.cz\/index.php\/wp-json\/wp\/v2\/media?parent=83"}],"wp:term":[{"taxonomy":"category","embeddable":true,"href":"https:\/\/jananews.cz\/index.php\/wp-json\/wp\/v2\/categories?post=83"},{"taxonomy":"post_tag","embeddable":true,"href":"https:\/\/jananews.cz\/index.php\/wp-json\/wp\/v2\/tags?post=83"}],"curies":[{"name":"wp","href":"https:\/\/api.w.org\/{rel}","templated":true}]}}