{"id":85,"date":"2016-03-15T18:54:24","date_gmt":"2016-03-15T17:54:24","guid":{"rendered":"http:\/\/www.jananews.cz\/WP\/index.php\/2016\/03\/15\/v-krkonosich-budou-nove-informacni-tabule\/"},"modified":"2016-03-15T18:54:24","modified_gmt":"2016-03-15T17:54:24","slug":"v-krkonosich-budou-nove-informacni-tabule","status":"publish","type":"post","link":"https:\/\/jananews.cz\/index.php\/2016\/03\/15\/v-krkonosich-budou-nove-informacni-tabule\/","title":{"rendered":"V Krkono\u0161\u00edch budou nov\u00e9 informa\u010dn\u00ed tabule"},"content":{"rendered":"<p>VRCHLAB\u00cd &#8211; \u0160est nau\u010dn\u00fdch stezek v nejvy\u0161\u0161\u00edch \u010desk\u00fdch hor\u00e1ch se je\u0161t\u011b p\u0159ed za\u010d\u00e1tkem turistick\u00e9 sez\u00f3ny do\u010dk\u00e1 nov\u00fdch d\u0159ev\u011bn\u00fdch informa\u010dn\u00edch panel\u016f. Spr\u00e1va Krkono\u0161sk\u00e9ho n\u00e1rodn\u00edho parku po 30 letech m\u011bn\u00ed a zjednodu\u0161uje informa\u010dn\u00ed panely pro turisty po t\u0159iceti letech.\u00a0<\/p>\n<p>  <!--more-->  <\/p>\n<p>Letos se vym\u011bn\u00ed t\u00e9m\u011b\u0159 polovina nau\u010dn\u00fdch panel\u016f, v\u0161echny budou m\u00edt jednotn\u00fd vzhled a budou obsahovat z\u00e1kladn\u00ed a stru\u010dn\u00e9 informace. \u201eObsahem je text, kter\u00fd popisuje danou zaj\u00edmavost, potom obr\u00e1zek a tak\u00e9 povinn\u00e9 prvky, jako jsou kontakty pro p\u0159\u00edpad nouze. Dal\u0161\u00edm povinn\u00fdm prvkem jsou ot\u00e1zky. Najdete tu ot\u00e1zku, kter\u00e1 v\u00e1s motivuje j\u00edt k dal\u0161\u00edmu panelu, kde najdete odpov\u011b\u010f,\u201c uvedl Radek Drahn\u00fd z Krkono\u0161sk\u00e9ho n\u00e1rodn\u00edho parku.<\/p>\n<p>Nov\u00e9 panely z dostate\u010dn\u011b vyschl\u00e9ho smrkov\u00e9ho d\u0159eva se objev\u00ed u nau\u010dn\u00fdch stezek \u010cernohorsk\u00e9 ra\u0161elini\u0161t\u011b, R\u00fdchory, Krkono\u0161sk\u00e1 tundra, Labsk\u00fd d\u016fl, Slezsk\u00e1 stezka a \u010certova strouha.<\/p>\n<p>Text: Libu\u0161e \u010capkov\u00e1 <br \/>Foto: archiv<\/p>\n<p><img loading=\"lazy\" class=\" size-full wp-image-84\" src=\"https:\/\/jananews.cz\/wp-content\/uploads\/2016\/03\/krnap.jpg\" alt=\"\" width=\"506\" height=\"337\" srcset=\"https:\/\/jananews.cz\/wp-content\/uploads\/2016\/03\/krnap.jpg 640w, https:\/\/jananews.cz\/wp-content\/uploads\/2016\/03\/krnap-300x200.jpg 300w\" sizes=\"(max-width: 506px) 100vw, 506px\" \/><\/p>\n","protected":false},"excerpt":{"rendered":"<p>VRCHLAB\u00cd &#8211; \u0160est nau\u010dn\u00fdch stezek v nejvy\u0161\u0161\u00edch \u010desk\u00fdch hor\u00e1ch se je\u0161t\u011b p\u0159ed za\u010d\u00e1tkem turistick\u00e9 sez\u00f3ny do\u010dk\u00e1 nov\u00fdch d\u0159ev\u011bn\u00fdch informa\u010dn\u00edch panel\u016f. Spr\u00e1va Krkono\u0161sk\u00e9ho n\u00e1rodn\u00edho parku po 30 letech m\u011bn\u00ed a zjednodu\u0161uje informa\u010dn\u00ed panely pro turisty po t\u0159iceti letech.\u00a0<\/p>\n","protected":false},"author":1,"featured_media":84,"comment_status":"open","ping_status":"open","sticky":false,"template":"","format":"standard","meta":[],"categories":[9],"tags":[],"_links":{"self":[{"href":"https:\/\/jananews.cz\/index.php\/wp-json\/wp\/v2\/posts\/85"}],"collection":[{"href":"https:\/\/jananews.cz\/index.php\/wp-json\/wp\/v2\/posts"}],"about":[{"href":"https:\/\/jananews.cz\/index.php\/wp-json\/wp\/v2\/types\/post"}],"author":[{"embeddable":true,"href":"https:\/\/jananews.cz\/index.php\/wp-json\/wp\/v2\/users\/1"}],"replies":[{"embeddable":true,"href":"https:\/\/jananews.cz\/index.php\/wp-json\/wp\/v2\/comments?post=85"}],"version-history":[{"count":0,"href":"https:\/\/jananews.cz\/index.php\/wp-json\/wp\/v2\/posts\/85\/revisions"}],"wp:featuredmedia":[{"embeddable":true,"href":"https:\/\/jananews.cz\/index.php\/wp-json\/wp\/v2\/media\/84"}],"wp:attachment":[{"href":"https:\/\/jananews.cz\/index.php\/wp-json\/wp\/v2\/media?parent=85"}],"wp:term":[{"taxonomy":"category","embeddable":true,"href":"https:\/\/jananews.cz\/index.php\/wp-json\/wp\/v2\/categories?post=85"},{"taxonomy":"post_tag","embeddable":true,"href":"https:\/\/jananews.cz\/index.php\/wp-json\/wp\/v2\/tags?post=85"}],"curies":[{"name":"wp","href":"https:\/\/api.w.org\/{rel}","templated":true}]}}