{"id":871,"date":"2024-03-12T12:30:47","date_gmt":"2024-03-12T11:30:47","guid":{"rendered":"https:\/\/jananews.cz\/?p=871"},"modified":"2024-03-12T12:34:43","modified_gmt":"2024-03-12T11:34:43","slug":"comic-con-prague-2024","status":"publish","type":"post","link":"https:\/\/jananews.cz\/index.php\/2024\/03\/12\/comic-con-prague-2024\/","title":{"rendered":"Comic-Con Prague 2024"},"content":{"rendered":"<p>V po\u0159ad\u00ed p\u00e1t\u00fd ro\u010dn\u00edk festivalu popkultury Comic-Con Prague pot\u011b\u0161\u00ed nejen fanou\u0161ky legend\u00e1rn\u00ed space opery Star Wars \u010di ikonick\u00e9 Hv\u011bzdn\u00e9 br\u00e1ny. Na za\u010d\u00e1tku dubna budou moci v pra\u017esk\u00e9m Universu potkat nap\u0159\u00edklad i popul\u00e1rn\u00edho Angli\u010dana, kter\u00fd si zahr\u00e1l ve v\u0161ech (osmi) d\u00edlech Harry Pottera. Comic-Con Prague 2024 odtajnil dal\u0161\u00ed hv\u011bzdn\u00e9 hosty. P\u0159ijede Warwick Davis nebo popul\u00e1rn\u00ed herci ze Star Wars i z Hv\u011bzdn\u00e9 br\u00e1ny.<\/p>\n<p><!--more--><\/p>\n<p>\u201eI leto\u0161n\u00ed ro\u010dn\u00edk sv\u00e1tku popkultury nab\u00eddne zvu\u010dn\u00e1 jm\u00e9na. U\u017e na sklonku roku jsme ozn\u00e1mili \u00fa\u010dast Chrise Barrieho, obl\u00edben\u00e9ho britsk\u00e9ho herce, kter\u00fd se nejv\u00edc proslavil ztv\u00e1rn\u011bn\u00edm role Arnolda Rimmera v seri\u00e1lu \u010cerven\u00fd trpasl\u00edk. Vedle jeho jm\u00e9na te\u010f p\u0159ibyli i dal\u0161\u00ed obl\u00edbenci. Mezi nimi rozhodn\u011b Warwick Davis, dal\u0161\u00ed Brit, kter\u00fd proslul v\u00fdrazn\u00fdmi rolemi postav mal\u00e9ho vzr\u016fstu, a\u0165 u\u017e v s\u00e9rii v\u0161ech d\u00edl\u016f Harryho Pottera nebo t\u0159eba ve Star Wars. Program ozvl\u00e1\u0161tn\u00ed ur\u010dit\u011b i Erick Avari, indo-americk\u00fd herec, kter\u00fd se proslavil postavou Kasufa, v\u016fdce domorodc\u016f na planet\u011b Abydos ve filmu i seri\u00e1lu Hv\u011bzdn\u00e1 br\u00e1na. A nezapomn\u011bli jsme samoz\u0159ejm\u011b ani na fanou\u0161ky Star Wars,\u201d l\u00e1k\u00e1 na program Pavel Ren\u010d\u00edn, marketingov\u00fd \u0159editel spole\u010dnosti Active Radio, kter\u00e1 akci spolupo\u0159\u00e1d\u00e1.<\/p>\n<p>\u201eZ dal\u0161\u00edch zn\u00e1m\u00fdch tv\u00e1\u0159\u00ed bych r\u00e1d uvedl Emily Swallow, americkou here\u010dku, kter\u00e1 je zn\u00e1m\u00e1 jako Amara\/Temnota v seri\u00e1lu Lovci duch\u016f, nebo aktu\u00e1ln\u011b v seri\u00e1lu Mandalorian ztv\u00e1r\u0148uje jednu z nejzn\u00e1m\u011bj\u0161\u00edch postav, Zbroj\u00ed\u0159ku. Ze stejn\u00e9ho seri\u00e1lu ji doprovod\u00ed i Tait Fletcher, americk\u00fd herec a MMA bojovn\u00edk, kter\u00fd v n\u011bm ztv\u00e1r\u0148uje Mandaloriana Paze Vizslu. Pomyslnou t\u0159e\u0161ni\u010dkou na dortu je Anthony Daniels, proslul\u00fd postavou ikonick\u00e9ho protokol\u00e1rn\u00edho droida C-3PO ve filmov\u00e9 s\u00e9rii Star Wars, kter\u00fd je jedin\u00fdm hercem, jen\u017e pracoval na v\u0161ech dvan\u00e1cti Star Wars kino-filmech,\u201d dopl\u0148uje Ren\u010d\u00edn.<\/p>\n<p>Dal\u0161\u00ed filmov\u00e9 \u010di seri\u00e1lov\u00e9 tv\u00e1\u0159e po\u0159adatel\u00e9 je\u0161t\u011b odhal\u00ed. Hosty Comic-Conu nicm\u00e9n\u011b budou i cosplaye\u0159i, youtube\u0159i, spisovatel\u00e9 nebo komiksov\u00ed tv\u016frci. U\u017e te\u010f \u010dten\u00e1\u0159e mus\u00ed v programu t\u011b\u0161it Mike Carey, zn\u00e1m\u00fd bl\u00edzk\u00fd spolupracovn\u00edk Neila Gaimana, s n\u00edm\u017e vytvo\u0159il obl\u00edbenou postavu Lucifera, kter\u00e1 se do\u010dkala i televizn\u00edho zpracov\u00e1n\u00ed. Dal\u0161\u00edm hostem bude Darick Robertson, ten je nejv\u00edce zn\u00e1m\u00fd svou prac\u00ed na kyberpunkov\u00e9 transhumanistick\u00e9 komiksov\u00e9 s\u00e9rii Transmetropolitan. P\u0159ipoj\u00ed se i italsk\u00e1 um\u011blkyn\u011b Mirka Andolfo, pol\u0161t\u00ed tv\u016frci Bartosz Sztybor a Przemys\u0142aw Tru\u015bci\u0144ski a mnoz\u00ed dal\u0161\u00ed.<\/p>\n<p>\u201ePolsk\u00e1 jm\u00e9na nejsou v na\u0161em programu n\u00e1hodou. V\u0161ichni v\u00edme, \u017ee se Zakl\u00edna\u010d narodil v Polsku. U na\u0161ich severn\u00edch soused\u016f se fantasy, komiksu nebo po\u010d\u00edta\u010dov\u00fdm hr\u00e1m prost\u011b da\u0159\u00ed, a to i proto, \u017ee se Pol\u00e1ci neboj\u00ed j\u00edt pracovat t\u0159eba do americk\u00fdch studi\u00ed. Letos proto tenhle fenom\u00e9n p\u0159edstav\u00edme trochu bl\u00ed\u017e, a to i d\u00edky spolupr\u00e1ci s Polsk\u00fdm institutem v Praze. Postupn\u011b budeme oznamovat dal\u0161\u00ed speci\u00e1ln\u00ed polsk\u00e9 liter\u00e1rn\u00ed i komiksov\u00e9 hosty. \u010cekaj\u00ed n\u00e1s nejen besedy s nimi, ale t\u0159eba i st\u00e1nek Polsk\u00e9ho institutu, kde se budou p\u0159\u00edchoz\u00ed moci s polsk\u00fdmi autory potkat, nechat si n\u011bco podepsat a t\u0159eba se i v\u00edc dozv\u011bd\u011bt o Polsku a jeho (pop)kultu\u0159e,\u201d dopl\u0148uje programov\u00fd \u0159editel festivalu V\u00e1clav Pravda.<\/p>\n<p>V term\u00ednu od 5. do 7. dubna v\u0161ak Comic Con Prague nab\u00eddne nejen fotografov\u00e1n\u00ed, autogrami\u00e1dy a besedy se zahrani\u010dn\u00edmi i dom\u00e1c\u00edmi herci a um\u011blci, ale i prom\u00edt\u00e1n\u00ed, workshopy, sout\u011b\u017ee, koncerty, hran\u00ed videoher a stoln\u00edch her a v neposledn\u00ed \u0159ad\u011b n\u011bkolik v\u00fdstav.<\/p>\n<p>Vstupenky na festival je mo\u017en\u00e9 koupit do 10. b\u0159ezna za zv\u00fdhodn\u011bn\u00e9 ceny na webu akce.<\/p>\n<p>Novinky a aktuality o akci m\u016f\u017eete sledovat na webu a soci\u00e1ln\u00edch s\u00edt\u00edch, kam jsou postupn\u011b p\u0159id\u00e1v\u00e1ny fin\u00e1ln\u00ed, podrobn\u011bj\u0161\u00ed informace:<\/p>\n<p><strong>Organiz\u00e1to\u0159i a partne\u0159i<\/strong><br \/>\nComic-Con Prague 2023 spole\u010dn\u011b organizuj\u00ed spole\u010dnosti Active Radio a.s. a Comic-Con Prague s.r.o. Hlavn\u00edm partnerem akce je \u010cesk\u00e1 spo\u0159itelna, partnery akce jsou Lego a Prusa Research. Medi\u00e1ln\u00edmi partnery jsou Evropa 2, Pevnost, ABC, Cinema City, TV Streaming, CzechCrunch a Kudy z nudy.<\/p>\n<p><strong>Active Radio a.s.<\/strong><br \/>\nActive Radio a.s. je multimedi\u00e1ln\u00ed skupina vlastn\u00edc\u00ed r\u00e1dia Evropa 2, Frekvence 1, R\u00e1dio Bonton, R\u00e1dio Dance, Youradio a Youradio Talk. Pat\u0159\u00ed j\u00ed rovn\u011b\u017e d\u011btsk\u00fd projekt Pigy. Provozuje \u0159adu online m\u00e9di\u00ed, streamingov\u00fdch audio slu\u017eeb, sdru\u017euje skupiny fanou\u0161k\u016f na soci\u00e1ln\u00edch s\u00edt\u00edch a po\u0159\u00e1d\u00e1 eventy. Divize NoLimits ro\u010dn\u011b po\u0159\u00e1d\u00e1 akce pro v\u00edce ne\u017e 100 tis\u00edc osob. Od roku 2018 pat\u0159\u00ed holdingov\u00e9 spole\u010dnosti Czech Media Invest.<\/p>\n<p><strong>Comic-Con Prague s.r.o.<\/strong><br \/>\nPro pot\u0159ebu po\u0159\u00e1d\u00e1n\u00ed Comic-Con Prague zalo\u017eil V\u00e1clav Pravda nov\u00e9 s.r.o. Spole\u010dnost \u00fazce spolupracuje s SFK Avalon o.s., neziskov\u00fdm spolkem fanou\u0161k\u016f, kter\u00fd stoj\u00ed za po\u0159\u00e1d\u00e1n\u00edm velk\u00fdch festival\u016f popkultury \u2013 Festival fantazie, PragoFFest, FanCity a GameFFest.<\/p>\n<p>Web: <a href=\"https:\/\/www.comiccon.cz\/\" target=\"_blank\" rel=\"noopener\">https:\/\/www.comiccon.cz\/<\/a><br \/>\nFacebook: <a href=\"https:\/\/www.facebook.com\/comicconprague\/\" target=\"_blank\" rel=\"noopener\">https:\/\/www.facebook.com\/comicconprague\/<\/a><br \/>\nInstagram:<a href=\"https:\/\/www.instagram.com\/comiccon_prague\/\"> https:\/\/www.instagram.com\/comiccon_prague\/<\/a><\/p>\n<p>Autor: Monika Ho\u0159\u00ednkov\u00e1<br \/>\nFoto:\u00a0 \u00a0archiv Comic-con Prague<\/p>\n<div id='gallery-1' class='gallery galleryid-871 gallery-columns-3 gallery-size-thumbnail'><figure class='gallery-item'>\n\t\t\t<div class='gallery-icon landscape'>\n\t\t\t\t<a href='https:\/\/jananews.cz\/index.php\/2024\/03\/12\/comic-con-prague-2024\/65fd3fd7-4007-439a-91ae-bf03668f2e56\/'><img width=\"150\" height=\"150\" src=\"https:\/\/jananews.cz\/wp-content\/uploads\/2024\/03\/65fd3fd7-4007-439a-91ae-bf03668f2e56-150x150.jpg\" class=\"attachment-thumbnail size-thumbnail\" alt=\"\" loading=\"lazy\" \/><\/a>\n\t\t\t<\/div><\/figure><figure class='gallery-item'>\n\t\t\t<div class='gallery-icon landscape'>\n\t\t\t\t<a href='https:\/\/jananews.cz\/index.php\/2024\/03\/12\/comic-con-prague-2024\/f31d2754-bf81-4714-a888-600e2d3ff6b8\/'><img width=\"150\" height=\"150\" src=\"https:\/\/jananews.cz\/wp-content\/uploads\/2024\/03\/f31d2754-bf81-4714-a888-600e2d3ff6b8-150x150.jpg\" class=\"attachment-thumbnail size-thumbnail\" alt=\"Comic-Con Prague 2024\" loading=\"lazy\" aria-describedby=\"gallery-1-872\" \/><\/a>\n\t\t\t<\/div>\n\t\t\t\t<figcaption class='wp-caption-text gallery-caption' id='gallery-1-872'>\n\t\t\t\tComic-Con Prague 2024\n\t\t\t\t<\/figcaption><\/figure><figure class='gallery-item'>\n\t\t\t<div class='gallery-icon landscape'>\n\t\t\t\t<a href='https:\/\/jananews.cz\/index.php\/2024\/03\/12\/comic-con-prague-2024\/2bf53278-1cd6-4814-84d3-b2fdf543047e\/'><img width=\"150\" height=\"150\" src=\"https:\/\/jananews.cz\/wp-content\/uploads\/2024\/03\/2bf53278-1cd6-4814-84d3-b2fdf543047e-150x150.jpg\" class=\"attachment-thumbnail size-thumbnail\" alt=\"\" loading=\"lazy\" \/><\/a>\n\t\t\t<\/div><\/figure><figure class='gallery-item'>\n\t\t\t<div class='gallery-icon landscape'>\n\t\t\t\t<a href='https:\/\/jananews.cz\/index.php\/2024\/03\/12\/comic-con-prague-2024\/fa499555-b43e-4839-bf3e-0eee91562d11\/'><img width=\"150\" height=\"150\" src=\"https:\/\/jananews.cz\/wp-content\/uploads\/2024\/03\/fa499555-b43e-4839-bf3e-0eee91562d11-150x150.jpg\" class=\"attachment-thumbnail size-thumbnail\" alt=\"\" loading=\"lazy\" \/><\/a>\n\t\t\t<\/div><\/figure><figure class='gallery-item'>\n\t\t\t<div class='gallery-icon portrait'>\n\t\t\t\t<a href='https:\/\/jananews.cz\/index.php\/2024\/03\/12\/comic-con-prague-2024\/57ab33bd-64ce-4e4c-9dfe-4ad2b32436b5\/'><img width=\"150\" height=\"150\" src=\"https:\/\/jananews.cz\/wp-content\/uploads\/2024\/03\/57ab33bd-64ce-4e4c-9dfe-4ad2b32436b5-150x150.jpg\" class=\"attachment-thumbnail size-thumbnail\" alt=\"\" loading=\"lazy\" \/><\/a>\n\t\t\t<\/div><\/figure><figure class='gallery-item'>\n\t\t\t<div class='gallery-icon landscape'>\n\t\t\t\t<a href='https:\/\/jananews.cz\/index.php\/2024\/03\/12\/comic-con-prague-2024\/a1c7c1dc-cd14-4620-8ae8-3a7b1437daa9\/'><img width=\"150\" height=\"150\" src=\"https:\/\/jananews.cz\/wp-content\/uploads\/2024\/03\/a1c7c1dc-cd14-4620-8ae8-3a7b1437daa9-150x150.jpg\" class=\"attachment-thumbnail size-thumbnail\" alt=\"\" loading=\"lazy\" \/><\/a>\n\t\t\t<\/div><\/figure><figure class='gallery-item'>\n\t\t\t<div class='gallery-icon portrait'>\n\t\t\t\t<a href='https:\/\/jananews.cz\/index.php\/2024\/03\/12\/comic-con-prague-2024\/4debdf25-5b33-40b1-a916-7952e0293602\/'><img width=\"150\" height=\"150\" src=\"https:\/\/jananews.cz\/wp-content\/uploads\/2024\/03\/4debdf25-5b33-40b1-a916-7952e0293602-150x150.jpg\" class=\"attachment-thumbnail size-thumbnail\" alt=\"\" loading=\"lazy\" \/><\/a>\n\t\t\t<\/div><\/figure><figure class='gallery-item'>\n\t\t\t<div class='gallery-icon landscape'>\n\t\t\t\t<a href='https:\/\/jananews.cz\/index.php\/2024\/03\/12\/comic-con-prague-2024\/0e249529-26ea-46b2-b7ec-128ecef5ffe3-1\/'><img width=\"150\" height=\"150\" src=\"https:\/\/jananews.cz\/wp-content\/uploads\/2024\/03\/0e249529-26ea-46b2-b7ec-128ecef5ffe3-1-150x150.jpg\" class=\"attachment-thumbnail size-thumbnail\" alt=\"\" loading=\"lazy\" \/><\/a>\n\t\t\t<\/div><\/figure><figure class='gallery-item'>\n\t\t\t<div class='gallery-icon landscape'>\n\t\t\t\t<a href='https:\/\/jananews.cz\/index.php\/2024\/03\/12\/comic-con-prague-2024\/b2350e5a-662a-48ed-80ed-fe250337d0b2\/'><img width=\"150\" height=\"150\" src=\"https:\/\/jananews.cz\/wp-content\/uploads\/2024\/03\/b2350e5a-662a-48ed-80ed-fe250337d0b2-150x150.jpg\" class=\"attachment-thumbnail size-thumbnail\" alt=\"\" loading=\"lazy\" \/><\/a>\n\t\t\t<\/div><\/figure>\n\t\t<\/div>\n\n","protected":false},"excerpt":{"rendered":"<p>V po\u0159ad\u00ed p\u00e1t\u00fd ro\u010dn\u00edk festivalu popkultury Comic-Con Prague pot\u011b\u0161\u00ed nejen fanou\u0161ky legend\u00e1rn\u00ed space opery Star Wars \u010di ikonick\u00e9 Hv\u011bzdn\u00e9 br\u00e1ny. Na za\u010d\u00e1tku dubna budou moci v pra\u017esk\u00e9m Universu potkat nap\u0159\u00edklad i popul\u00e1rn\u00edho Angli\u010dana, kter\u00fd si zahr\u00e1l ve v\u0161ech (osmi) d\u00edlech Harry Pottera. Comic-Con Prague 2024 odtajnil dal\u0161\u00ed hv\u011bzdn\u00e9 hosty. P\u0159ijede Warwick Davis nebo popul\u00e1rn\u00ed herci<\/p>\n","protected":false},"author":1,"featured_media":872,"comment_status":"closed","ping_status":"open","sticky":false,"template":"","format":"standard","meta":[],"categories":[7,9,14],"tags":[],"_links":{"self":[{"href":"https:\/\/jananews.cz\/index.php\/wp-json\/wp\/v2\/posts\/871"}],"collection":[{"href":"https:\/\/jananews.cz\/index.php\/wp-json\/wp\/v2\/posts"}],"about":[{"href":"https:\/\/jananews.cz\/index.php\/wp-json\/wp\/v2\/types\/post"}],"author":[{"embeddable":true,"href":"https:\/\/jananews.cz\/index.php\/wp-json\/wp\/v2\/users\/1"}],"replies":[{"embeddable":true,"href":"https:\/\/jananews.cz\/index.php\/wp-json\/wp\/v2\/comments?post=871"}],"version-history":[{"count":3,"href":"https:\/\/jananews.cz\/index.php\/wp-json\/wp\/v2\/posts\/871\/revisions"}],"predecessor-version":[{"id":883,"href":"https:\/\/jananews.cz\/index.php\/wp-json\/wp\/v2\/posts\/871\/revisions\/883"}],"wp:featuredmedia":[{"embeddable":true,"href":"https:\/\/jananews.cz\/index.php\/wp-json\/wp\/v2\/media\/872"}],"wp:attachment":[{"href":"https:\/\/jananews.cz\/index.php\/wp-json\/wp\/v2\/media?parent=871"}],"wp:term":[{"taxonomy":"category","embeddable":true,"href":"https:\/\/jananews.cz\/index.php\/wp-json\/wp\/v2\/categories?post=871"},{"taxonomy":"post_tag","embeddable":true,"href":"https:\/\/jananews.cz\/index.php\/wp-json\/wp\/v2\/tags?post=871"}],"curies":[{"name":"wp","href":"https:\/\/api.w.org\/{rel}","templated":true}]}}