{"id":89,"date":"2016-03-17T22:24:14","date_gmt":"2016-03-17T21:24:14","guid":{"rendered":"http:\/\/www.jananews.cz\/WP\/index.php\/2016\/03\/17\/valasske-klobouky-privitaji-expedicni-kameru\/"},"modified":"2020-08-16T22:42:52","modified_gmt":"2020-08-16T20:42:52","slug":"valasske-klobouky-privitaji-expedicni-kameru","status":"publish","type":"post","link":"https:\/\/jananews.cz\/index.php\/2016\/03\/17\/valasske-klobouky-privitaji-expedicni-kameru\/","title":{"rendered":"Vala\u0161sk\u00e9 Klobouky p\u0159iv\u00edtaj\u00ed Expedi\u010dn\u00ed kameru"},"content":{"rendered":"<p>VALA\u0160SK\u00c9 KLOBOUKY &#8211; P\u0159ehl\u00eddku nejlep\u0161\u00edch cestovatelsk\u00fdch film\u016f uplynul\u00e9 sezony pod n\u00e1zvem Expedi\u010dn\u00ed kamera 2016 p\u0159ipravili na p\u00e1tek 18. b\u0159ezna ve Vala\u0161sk\u00fdch Klobouk\u00e1ch. Prom\u00edt\u00e1n\u00ed za\u010d\u00edn\u00e1 v tam\u011bj\u0161\u00edm kin\u011b Sv\u011bt v p\u011bt hodin odpoledne.<\/p>\n<p><!--more--><\/p>\n<p>\u201eDiv\u00e1ci se mohou t\u011b\u0161it na nap\u00ednav\u00e9 v\u00fdpravy, nespoutanou p\u0159\u00edrodu, tajupln\u00e1 m\u00edsta, ale i notnou d\u00e1vku adrenalinu,\u201c uvedl \u0159editel po\u0159\u00e1daj\u00edc\u00edho Kulturn\u00edho a vzd\u011bl\u00e1vac\u00edho st\u0159ediska Jaroslav Balou\u0161ek, podle n\u011bho\u017e se extr\u00e9mn\u00ed z\u00e1\u017eitky nato\u010den\u00e9 v prom\u00edtan\u00fdch filmech ani nedaj\u00ed p\u0159evypr\u00e1v\u011bt. \u201eTy se proste mus\u00ed vid\u011bt na vlastn\u00ed o\u010di,\u201c dodal \u0159editel.<\/p>\n<p>Jedn\u00edm z nejv\u011bt\u0161\u00edch tah\u00e1k\u016f bude z\u0159ejm\u011b film slovensk\u00e9ho re\u017eis\u00e9ra a dobrodruha Pavla Barab\u00e1\u0161e, kter\u00fd je ov\u011bn\u010den \u0161esti mezin\u00e1rodn\u00edmi cenami. Dokumentuje dobrodru\u017enou pou\u0165 africk\u00fdm pralesem, na jej\u00edm\u017e konci je setk\u00e1n\u00ed se zapomenut\u00fdm kmenem Suri, jeho\u017e lid\u00e9 prozat\u00edm odol\u00e1vali vlivu modern\u00ed civilizace.<\/p>\n<p>Zaj\u00edmav\u00e9 ale podle Barab\u00e1\u0161e budou i dal\u0161\u00ed sn\u00edmky z dobrodru\u017en\u00fdch cest za zapomenut\u00fdmi n\u00e1rody, m\u00fdtick\u00fdmi m\u00edsty nebo starobyl\u00fdmi kulturami. \u201eHlavn\u00edmi hrdiny jsou odv\u00e1\u017en\u00ed cestovatel\u00e9 , kte\u0159\u00ed pro dosa\u017een\u00ed sv\u00fdch sn\u016f podstupuj\u00ed nebezpe\u010dn\u00e9 pout\u011b nap\u0159\u00ed\u010d pralesy, dob\u00fdvaj\u00ed velehory nebo sj\u00ed\u017ed\u011bj\u00ed divok\u00e9 \u0159eky od pramene a\u017e k samotn\u00e9mu \u00fast\u00ed,\u201c dodal \u0159editel.<\/p>\n<p>Text: Ji\u0159\u00ed K. R\u016f\u017ei\u010dka<\/p>\n","protected":false},"excerpt":{"rendered":"<p>VALA\u0160SK\u00c9 KLOBOUKY &#8211; P\u0159ehl\u00eddku nejlep\u0161\u00edch cestovatelsk\u00fdch film\u016f uplynul\u00e9 sezony pod n\u00e1zvem Expedi\u010dn\u00ed kamera 2016 p\u0159ipravili na p\u00e1tek 18. b\u0159ezna ve Vala\u0161sk\u00fdch Klobouk\u00e1ch. Prom\u00edt\u00e1n\u00ed za\u010d\u00edn\u00e1 v tam\u011bj\u0161\u00edm kin\u011b Sv\u011bt v p\u011bt hodin odpoledne.<\/p>\n","protected":false},"author":1,"featured_media":398,"comment_status":"open","ping_status":"open","sticky":false,"template":"","format":"standard","meta":[],"categories":[7],"tags":[],"_links":{"self":[{"href":"https:\/\/jananews.cz\/index.php\/wp-json\/wp\/v2\/posts\/89"}],"collection":[{"href":"https:\/\/jananews.cz\/index.php\/wp-json\/wp\/v2\/posts"}],"about":[{"href":"https:\/\/jananews.cz\/index.php\/wp-json\/wp\/v2\/types\/post"}],"author":[{"embeddable":true,"href":"https:\/\/jananews.cz\/index.php\/wp-json\/wp\/v2\/users\/1"}],"replies":[{"embeddable":true,"href":"https:\/\/jananews.cz\/index.php\/wp-json\/wp\/v2\/comments?post=89"}],"version-history":[{"count":1,"href":"https:\/\/jananews.cz\/index.php\/wp-json\/wp\/v2\/posts\/89\/revisions"}],"predecessor-version":[{"id":501,"href":"https:\/\/jananews.cz\/index.php\/wp-json\/wp\/v2\/posts\/89\/revisions\/501"}],"wp:featuredmedia":[{"embeddable":true,"href":"https:\/\/jananews.cz\/index.php\/wp-json\/wp\/v2\/media\/398"}],"wp:attachment":[{"href":"https:\/\/jananews.cz\/index.php\/wp-json\/wp\/v2\/media?parent=89"}],"wp:term":[{"taxonomy":"category","embeddable":true,"href":"https:\/\/jananews.cz\/index.php\/wp-json\/wp\/v2\/categories?post=89"},{"taxonomy":"post_tag","embeddable":true,"href":"https:\/\/jananews.cz\/index.php\/wp-json\/wp\/v2\/tags?post=89"}],"curies":[{"name":"wp","href":"https:\/\/api.w.org\/{rel}","templated":true}]}}