{"id":902,"date":"2024-08-30T09:32:54","date_gmt":"2024-08-30T07:32:54","guid":{"rendered":"https:\/\/jananews.cz\/?p=902"},"modified":"2024-08-30T09:39:53","modified_gmt":"2024-08-30T07:39:53","slug":"monkey-business-vydavaji-prelomove-album-kdyz-muzy-mlci","status":"publish","type":"post","link":"https:\/\/jananews.cz\/index.php\/2024\/08\/30\/monkey-business-vydavaji-prelomove-album-kdyz-muzy-mlci\/","title":{"rendered":"MONKEY BUSINESS vyd\u00e1vaj\u00ed p\u0159elomov\u00e9 album Kdy\u017e m\u00fazy ml\u010d\u00ed"},"content":{"rendered":"<p>Skupina Money Business u\u010dinila v\u00fdznamn\u00fd krok ve sv\u00e9 historii a vydala prvn\u00ed album v \u010de\u0161tin\u011b. Pod titulem Kdy\u017e m\u00fazy ml\u010d\u00ed vych\u00e1z\u00ed pr\u00e1v\u011b dnes na CD, LP a digit\u00e1ln\u00edch platform\u00e1ch.<\/p>\n<p><!--more--><\/p>\n<p>\u010cty\u0159i roky po vyd\u00e1n\u00ed sv\u00e9ho posledn\u00edho studiov\u00e9ho po\u010dinu Freedom on Sale p\u0159ich\u00e1zej\u00ed Monkey Business \u00a0s albem Kdy\u017e m\u00fazy ml\u010d\u00ed, nazp\u00edvan\u00fdm ryze v \u010de\u0161tin\u011b. I \u010desk\u00e9 texty napsal za p\u0159isp\u011bn\u00ed Romana Hol\u00e9ho, Terezy \u010cernochov\u00e9 a kolegy z J.A.R. Dana B\u00e1rty baskytarista Pavel Mr\u00e1zek: \u201eNejv\u00edc jsem se sna\u017eil o to, abych nep\u0159ehazoval p\u0159\u00edzvuky, jak to s oblibou d\u011blaj\u00ed \u010de\u0161t\u00ed rappe\u0159i. S \u010de\u0161tinou \u017e\u00e1dn\u00fd probl\u00e9m nebyl a t\u00e9mata jsem \u010derpal jako v\u017edycky v\u0161ude kolem sebe. Kouk\u00e1m, co v\u0161echno l\u00edt\u00e1 ve vzduchu a taky m\u00e1m r\u00e1d pestrost, tak\u017ee chci, aby se p\u00edsn\u011b dot\u00fdkaly v\u0161eho mo\u017en\u00e9ho.\u201c\u00a0 Jednu p\u00edse\u0148 (V tenzi astronaut) opat\u0159il textem B\u00e1rta spolu s Hol\u00fdm.<\/p>\n<p>A jak se Tereze \u010cernochov\u00e9 a Mat\u011bjovi Ruppertovi zp\u00edvalo v\u00a0\u010de\u0161tin\u011b? \u201eSkv\u011ble. Jsem nad\u0161en\u00e1 z\u00a0\u010desk\u00e9 desky. \u010clov\u011bk se v\u017edycky posune dop\u0159edu s\u00a0ka\u017ed\u00fdm dob\u0159e vysloven\u00fdm a zazp\u00edvan\u00fdm slovem. Roman velmi lp\u00ed na preciznosti, aby bylo v\u0161emu rozum\u011bt. Jsem \u0161\u0165astn\u00e1, \u017ee jsme to zvl\u00e1dli,\u201c reaguje Tereza a Mat\u011bj dod\u00e1v\u00e1: \u201e\u010ce\u0161tina je podle m\u011b novej sv\u011b\u017e\u00ed v\u00edtr do plachet Monkey Business. Strach jsem z\u00a0n\u00ed nem\u011bl, ale t\u0159eba v\u00a0p\u00edsni\u010dce CIAO! CIAO! CIAO! jsem se dost zapotil. Snad m\u011b jen mrz\u00ed, \u017ee jsme neza\u010dali \u010desky zp\u00edvat u\u017e d\u00e1vno.\u201c<\/p>\n<p>O hudbu a produkci alba se op\u011bt postaral Roman Hol\u00fd: \u201ePova\u017euji za mal\u00fd z\u00e1zrak, \u017ee se n\u00e1m i po tolika letech poda\u0159ilo vytvo\u0159it p\u00edsni\u010dky, kter\u00e9 n\u00e1s opravdu bav\u00ed a napl\u0148uj\u00ed. Te\u010f u\u017e nezb\u00fdv\u00e1 ne\u017e ti\u0161e doufat, \u017ee se deska bude l\u00edbit i na\u0161im milovan\u00fdm fanou\u0161k\u016fm a d\u00edky \u010de\u0161tin\u011b t\u0159eba oslov\u00ed i n\u011bjak\u00e9 nov\u00e9.\u201c<\/p>\n<p>Skupina p\u0159izvala k nat\u00e1\u010den\u00ed n\u011bkolik host\u016f: v\u00a0p\u00edsni Homo Sovietikus zp\u00edv\u00e1 Lou Fan\u00e1nek Hagen a ve skladb\u011b CIAO! CIAO! CIAO! Petr Sp\u00e1len\u00fd. D\u00e1le na albu hostuj\u00ed vynikaj\u00edc\u00ed muzikanti Ond\u0159ej Pivec, Roman Pokorn\u00fd, Radim Vychope\u0148 a Ashley Slater. Obal inspirovan\u00fd d\u00edlem Helmuta Newtona vytvo\u0159il Jakub Heb\u00edk. Vyd\u00e1n\u00ed alba avizovaly dva singly doprov\u00e1zen\u00e9 klipy: CIAO! CIAO! CIAO! (re\u017eie Roman Hol\u00fd) a Dva na kolej\u00edch (re\u017eie Vladim\u00edr Mich\u00e1lek). N\u00e1sledovat budou videa k\u00a0p\u00edsn\u00edm Homo Sovietikus, V\u00a0tenzi astronaut a Pr\u00edma rozvod.<\/p>\n<p>Album Kdy\u017e m\u00fazy ml\u010d\u00ed pok\u0159t\u00ed Monkey Business na mimo\u0159\u00e1dn\u00e9m koncertu na pra\u017esk\u00e9 Ob\u010dansk\u00e9 plov\u00e1rn\u011b 24. z\u00e1\u0159\u00ed. Do prodeje jde pouze 500 vstupenek, za kter\u00e9 fanou\u0161ci dostanou krom\u011b plnohodnotn\u00e9ho koncertu i p\u0159\u00edstup na hodinovou besedu s\u00a0kapelou. Ka\u017ed\u00fd n\u00e1v\u0161t\u011bvn\u00edk nav\u00edc u vchodu obdr\u017e\u00ed slosovateln\u00fd l\u00edstek do tomboly. Sedm v\u00fdherc\u016f pak z\u00edsk\u00e1 osobn\u00ed d\u00e1rek od \u010dlen\u016f skupiny a dal\u0161\u00ed t\u0159i pok\u0159t\u00ed album a spole\u010dn\u011b s\u00a0Monkey Business budou zv\u011b\u010dn\u011bni renomovan\u00fdm fotografem Tonem Stanem. Na m\u00edst\u011b si budou moci koupit CD i LP a nechat si je rovnou podepsat.<\/p>\n<p>Album Kdy\u017e m\u00fazy ml\u010d\u00ed na digit\u00e1ln\u00edch slu\u017eb\u00e1ch: https:\/\/WMCZ.lnk.to\/KdyzMuzyMlci<\/p>\n<p>Klip CIAO! CIAO! CIAO!: https:\/\/youtu.be\/rYcwXbFTedY<br \/>\nKlip Dva na kolej\u00edch: https:\/\/youtu.be\/BAj-DkGTzhg<\/p>\n<p>https:\/\/www.monkeybusiness.cz\/<br \/>\nhttps:\/\/www.instagram.com\/monkeybusinesscz\/?hl=cs<br \/>\nhttps:\/\/www.facebook.com\/monkeybusinessprague\/<br \/>\nhttps:\/\/vimeo.com\/channels\/monkeybusiness<\/p>\n<p>Text: Ing. Marcela Dvo\u0159\u00e1kov\u00e1<br \/>\nFoto: Warner Music Czech Republic s.r.o.<\/p>\n<div id='gallery-1' class='gallery galleryid-902 gallery-columns-3 gallery-size-thumbnail'><figure class='gallery-item'>\n\t\t\t<div class='gallery-icon landscape'>\n\t\t\t\t<a href='https:\/\/jananews.cz\/index.php\/2024\/08\/30\/monkey-business-vydavaji-prelomove-album-kdyz-muzy-mlci\/monkey_muzy1\/'><img width=\"150\" height=\"150\" src=\"https:\/\/jananews.cz\/wp-content\/uploads\/2024\/08\/monkey_muzy1-150x150.jpeg\" class=\"attachment-thumbnail size-thumbnail\" alt=\"\" loading=\"lazy\" aria-describedby=\"gallery-1-903\" \/><\/a>\n\t\t\t<\/div>\n\t\t\t\t<figcaption class='wp-caption-text gallery-caption' id='gallery-1-903'>\n\t\t\t\tFoto: Warner Music\n\t\t\t\t<\/figcaption><\/figure><figure class='gallery-item'>\n\t\t\t<div class='gallery-icon landscape'>\n\t\t\t\t<a href='https:\/\/jananews.cz\/index.php\/2024\/08\/30\/monkey-business-vydavaji-prelomove-album-kdyz-muzy-mlci\/monkey_muzy2\/'><img width=\"150\" height=\"150\" src=\"https:\/\/jananews.cz\/wp-content\/uploads\/2024\/08\/monkey_muzy2-150x150.jpg\" class=\"attachment-thumbnail size-thumbnail\" alt=\"\" loading=\"lazy\" aria-describedby=\"gallery-1-904\" \/><\/a>\n\t\t\t<\/div>\n\t\t\t\t<figcaption class='wp-caption-text gallery-caption' id='gallery-1-904'>\n\t\t\t\tFoto: Warner Music\n\t\t\t\t<\/figcaption><\/figure>\n\t\t<\/div>\n\n<p>&nbsp;<\/p>\n","protected":false},"excerpt":{"rendered":"<p>Skupina Money Business u\u010dinila v\u00fdznamn\u00fd krok ve sv\u00e9 historii a vydala prvn\u00ed album v \u010de\u0161tin\u011b. Pod titulem Kdy\u017e m\u00fazy ml\u010d\u00ed vych\u00e1z\u00ed pr\u00e1v\u011b dnes na CD, LP a digit\u00e1ln\u00edch platform\u00e1ch.<\/p>\n","protected":false},"author":1,"featured_media":903,"comment_status":"closed","ping_status":"open","sticky":false,"template":"","format":"standard","meta":[],"categories":[7],"tags":[],"_links":{"self":[{"href":"https:\/\/jananews.cz\/index.php\/wp-json\/wp\/v2\/posts\/902"}],"collection":[{"href":"https:\/\/jananews.cz\/index.php\/wp-json\/wp\/v2\/posts"}],"about":[{"href":"https:\/\/jananews.cz\/index.php\/wp-json\/wp\/v2\/types\/post"}],"author":[{"embeddable":true,"href":"https:\/\/jananews.cz\/index.php\/wp-json\/wp\/v2\/users\/1"}],"replies":[{"embeddable":true,"href":"https:\/\/jananews.cz\/index.php\/wp-json\/wp\/v2\/comments?post=902"}],"version-history":[{"count":2,"href":"https:\/\/jananews.cz\/index.php\/wp-json\/wp\/v2\/posts\/902\/revisions"}],"predecessor-version":[{"id":906,"href":"https:\/\/jananews.cz\/index.php\/wp-json\/wp\/v2\/posts\/902\/revisions\/906"}],"wp:featuredmedia":[{"embeddable":true,"href":"https:\/\/jananews.cz\/index.php\/wp-json\/wp\/v2\/media\/903"}],"wp:attachment":[{"href":"https:\/\/jananews.cz\/index.php\/wp-json\/wp\/v2\/media?parent=902"}],"wp:term":[{"taxonomy":"category","embeddable":true,"href":"https:\/\/jananews.cz\/index.php\/wp-json\/wp\/v2\/categories?post=902"},{"taxonomy":"post_tag","embeddable":true,"href":"https:\/\/jananews.cz\/index.php\/wp-json\/wp\/v2\/tags?post=902"}],"curies":[{"name":"wp","href":"https:\/\/api.w.org\/{rel}","templated":true}]}}