{"id":91,"date":"2016-03-17T22:25:49","date_gmt":"2016-03-17T21:25:49","guid":{"rendered":"http:\/\/www.jananews.cz\/WP\/index.php\/2016\/03\/17\/r-and-b-legenda-v-teplicich\/"},"modified":"2016-03-17T22:25:49","modified_gmt":"2016-03-17T21:25:49","slug":"r-and-b-legenda-v-teplicich","status":"publish","type":"post","link":"https:\/\/jananews.cz\/index.php\/2016\/03\/17\/r-and-b-legenda-v-teplicich\/","title":{"rendered":"R and B legenda v Teplic\u00edch"},"content":{"rendered":"<p>TEPLICE &#8211; Rythm and Bluesovou legendu, Ameri\u010dana Chucka Wansleyho, p\u0159iv\u00edtaj\u00ed v p\u00e1tek 19. b\u0159ezna v\u00a0 Teplic\u00edch.\u00a0 V tam\u011bj\u0161\u00edm Jazz Clubu se p\u0159edstav\u00ed spolu se t\u0159emi \u010desk\u00fdmi muzikanty \u2013 pianistou Stanislavem M\u00e1chou, kontrabasistou Josefem Fe\u010do a buben\u00edkem Martinem \u0160ulcem.<\/p>\n<p>  <!--more-->  <\/p>\n<p>Rod\u00e1k z New Yorku dnes vystupuje na festivalech a v jazzov\u00fdch klubech po cel\u00e9m sv\u011bt\u011b. Svou kari\u00e9ru\u00a0 za\u010dal u\u017e jako osmn\u00e1ctilet\u00fd s mezin\u00e1rodn\u00ed skupinou Up With Poeple. Po n\u011bkolika letech zakotvil v Bostonu a jako open art spolupracoval s celou \u0159adou um\u011blc\u016f, mezi n\u011b\u017e pat\u0159ili mj. i Eart, Wind\u00a0 and Fire.<\/p>\n<p>Po n\u00e1vratu do New Yorku se v\u011bnoval s\u00f3lov\u00e9 kari\u00e9\u0159e, ale sou\u010dasn\u011b spolupracoval i se slavnou skupinou Match. V osmdes\u00e1t\u00fdch letech byl pak zakl\u00e1daj\u00edc\u00edm \u010dlenem Warp-9, jedn\u00e9 z prvn\u00edch electro hip hop kapel na sv\u011bt\u011b. Spolu s n\u00ed a nejv\u011bt\u0161\u00edmi hity Nunk, Beatwe nebo NO Man is An Island vyprodali mnoho koncertn\u00edch s\u00e1l\u016f nejen v Americe.<\/p>\n<p>Text: Ji\u0159\u00ed K. R\u016f\u017ei\u010dka<br \/>Foto: Archiv<\/p>\n<p><img loading=\"lazy\" class=\" size-full wp-image-90\" src=\"https:\/\/jananews.cz\/wp-content\/uploads\/2016\/03\/chuck_wansley.jpg\" alt=\"\" width=\"528\" height=\"298\" srcset=\"https:\/\/jananews.cz\/wp-content\/uploads\/2016\/03\/chuck_wansley.jpg 600w, https:\/\/jananews.cz\/wp-content\/uploads\/2016\/03\/chuck_wansley-300x169.jpg 300w\" sizes=\"(max-width: 528px) 100vw, 528px\" \/><\/p>\n","protected":false},"excerpt":{"rendered":"<p>TEPLICE &#8211; Rythm and Bluesovou legendu, Ameri\u010dana Chucka Wansleyho, p\u0159iv\u00edtaj\u00ed v p\u00e1tek 19. b\u0159ezna v\u00a0 Teplic\u00edch.\u00a0 V tam\u011bj\u0161\u00edm Jazz Clubu se p\u0159edstav\u00ed spolu se t\u0159emi \u010desk\u00fdmi muzikanty \u2013 pianistou Stanislavem M\u00e1chou, kontrabasistou Josefem Fe\u010do a buben\u00edkem Martinem \u0160ulcem.<\/p>\n","protected":false},"author":1,"featured_media":90,"comment_status":"open","ping_status":"open","sticky":false,"template":"","format":"standard","meta":[],"categories":[7],"tags":[],"_links":{"self":[{"href":"https:\/\/jananews.cz\/index.php\/wp-json\/wp\/v2\/posts\/91"}],"collection":[{"href":"https:\/\/jananews.cz\/index.php\/wp-json\/wp\/v2\/posts"}],"about":[{"href":"https:\/\/jananews.cz\/index.php\/wp-json\/wp\/v2\/types\/post"}],"author":[{"embeddable":true,"href":"https:\/\/jananews.cz\/index.php\/wp-json\/wp\/v2\/users\/1"}],"replies":[{"embeddable":true,"href":"https:\/\/jananews.cz\/index.php\/wp-json\/wp\/v2\/comments?post=91"}],"version-history":[{"count":0,"href":"https:\/\/jananews.cz\/index.php\/wp-json\/wp\/v2\/posts\/91\/revisions"}],"wp:featuredmedia":[{"embeddable":true,"href":"https:\/\/jananews.cz\/index.php\/wp-json\/wp\/v2\/media\/90"}],"wp:attachment":[{"href":"https:\/\/jananews.cz\/index.php\/wp-json\/wp\/v2\/media?parent=91"}],"wp:term":[{"taxonomy":"category","embeddable":true,"href":"https:\/\/jananews.cz\/index.php\/wp-json\/wp\/v2\/categories?post=91"},{"taxonomy":"post_tag","embeddable":true,"href":"https:\/\/jananews.cz\/index.php\/wp-json\/wp\/v2\/tags?post=91"}],"curies":[{"name":"wp","href":"https:\/\/api.w.org\/{rel}","templated":true}]}}