{"id":918,"date":"2024-10-21T09:58:48","date_gmt":"2024-10-21T07:58:48","guid":{"rendered":"https:\/\/jananews.cz\/?p=918"},"modified":"2024-10-21T09:58:48","modified_gmt":"2024-10-21T07:58:48","slug":"divadlo-spejbla-a-hurvinka-pristi-rok-docasne-zmeni-pusobiste","status":"publish","type":"post","link":"https:\/\/jananews.cz\/index.php\/2024\/10\/21\/divadlo-spejbla-a-hurvinka-pristi-rok-docasne-zmeni-pusobiste\/","title":{"rendered":"Divadlo Spejbla a Hurv\u00ednka p\u0159\u00ed\u0161t\u00ed rok do\u010dasn\u011b zm\u011bn\u00ed p\u016fsobi\u0161t\u011b"},"content":{"rendered":"<p>Divadlo Spejbla a Hurv\u00ednka bude kv\u016fli rekonstrukci p\u0159\u00ed\u0161t\u00ed rok hr\u00e1t v dejvick\u00e9m Grandhotelu International.<\/p>\n<p><!--more--><\/p>\n<p>Nov\u00e1 sez\u00f3na v legend\u00e1rn\u00edm Divadle Spejbla a Hurv\u00ednka je nabit\u00e1 ud\u00e1lostmi. V pl\u00e1nu je premi\u00e9ra Hurv\u00ednkovy v\u00e1no\u010dn\u00ed z\u00e1hady, vyd\u00e1n\u00ed CD Hurv\u00ednek prod\u00e1v\u00e1 nev\u011bstu, unik\u00e1tn\u00ed spole\u010dn\u00fd projekt s pra\u017esk\u00fdm planet\u00e1riem a tak\u00e9 rekonstrukce! Od b\u0159ezna do prosince bude prob\u00edhat p\u0159\u00edstavba zku\u0161ebny, skladu a obnova sedadel v hlavn\u00edm s\u00e1le. V prostoru st\u00e1vaj\u00edc\u00ed pokladny vznikne nov\u00e9 z\u00e1kaznick\u00e9 centrum, jeho\u017e sou\u010d\u00e1st\u00ed bude i obch\u016fdek s origin\u00e1ln\u00edmi d\u00e1rkov\u00fdmi p\u0159edm\u011bty. V\u00fdborn\u00e1 zpr\u00e1va je, \u017ee po dobu rekonstrukce bude divadlo hr\u00e1t v bl\u00edzk\u00e9m Grandhotelu International, tak\u017ee mal\u00ed i velc\u00ed div\u00e1ci nep\u0159ijdou o mo\u017enost setk\u00e1vat se sv\u00fdmi obl\u00edben\u00fdmi hrdiny.<\/p>\n<p>\u201eD\u00edky ochot\u011b a vst\u0159\u00edcnosti veden\u00ed s\u00edt\u011b Czech Inn Hotels jsme nalezli po dobu dostavby studia, kter\u00e1 bude prob\u00edhat v na\u0161em divadle na Dejvick\u00e9 ulici, \u00fato\u010di\u0161t\u011b v hlavn\u00edm konferen\u010dn\u00edm s\u00e1le nedalek\u00e9ho hotelu International. Se Spejblem a Hurv\u00ednkem se tam budete moci setk\u00e1vat od b\u0159ezna do prosince 2025,\u201c potvrzuje \u0159editelka Divadla Spejbla a Hurv\u00ednka Denisa Kirschnerov\u00e1 a pokra\u010duje: \u201eNa\u0161im div\u00e1k\u016fm tento prostor nen\u00ed zcela nezn\u00e1m\u00fd, proto\u017ee si sem za n\u00e1mi na\u0161li cestu ji\u017e v roce 2021, kdy jsme v zahrad\u011b hotelu p\u016fsobili na letn\u00ed sc\u00e9n\u011b. M\u00e1me velkou radost, \u017ee jsme d\u00edky velkorysosti tohoto partnerstv\u00ed mohli z\u016fstat po dobu dostavby v Praze 6, kde jsou na n\u00e1s na\u0161i div\u00e1ci zvykl\u00ed. Jsme z\u00e1rove\u0148 velmi vd\u011b\u010dn\u00ed, \u017ee je tato spolupr\u00e1ce napln\u011bn\u00e1 vz\u00e1jemnou radost\u00ed a nad\u0161en\u00edm, \u017ee m\u016f\u017eeme spole\u010dn\u011b p\u0159in\u00e1\u0161et na\u0161im div\u00e1k\u016fm p\u0159\u00edb\u011bhy rodinky Spejbla a Hurv\u00ednka. Pod\u011bkov\u00e1n\u00ed pat\u0159\u00ed tak\u00e9 Praze 6, panu starostovi St\u00e1rkovi a Magistr\u00e1tu hl. m. Prahy coby na\u0161emu z\u0159izovateli za podporu a realizaci cel\u00e9ho projektu.\u201c<\/p>\n<p><a href=\"https:\/\/spejbl-hurvinek.cz\/\">Odkaz na str\u00e1nky divadla<\/a><\/p>\n<p>Text: Mgr. Michaela Fialov\u00e1 Roz\u0161afn\u00e1<br \/>\nFoto: archiv autorky<\/p>\n<p>www.2media.cz, www.instagram.com\/2mediacz<br \/>\nhttps:\/\/www.art2friends.cz<\/p>\n<div id='gallery-1' class='gallery galleryid-918 gallery-columns-3 gallery-size-thumbnail'><figure class='gallery-item'>\n\t\t\t<div class='gallery-icon landscape'>\n\t\t\t\t<a href='https:\/\/jananews.cz\/index.php\/2024\/10\/21\/divadlo-spejbla-a-hurvinka-pristi-rok-docasne-zmeni-pusobiste\/hurvinek2foto_hotel_international3\/'><img width=\"150\" height=\"150\" src=\"https:\/\/jananews.cz\/wp-content\/uploads\/2024\/10\/hurvinek2FOTO_hotel_International3-150x150.jpg\" class=\"attachment-thumbnail size-thumbnail\" alt=\"Spejbl a Hurv\u00ednek\" loading=\"lazy\" aria-describedby=\"gallery-1-919\" \/><\/a>\n\t\t\t<\/div>\n\t\t\t\t<figcaption class='wp-caption-text gallery-caption' id='gallery-1-919'>\n\t\t\t\tSpejbl a Hurv\u00ednek\n\t\t\t\t<\/figcaption><\/figure><figure class='gallery-item'>\n\t\t\t<div class='gallery-icon landscape'>\n\t\t\t\t<a href='https:\/\/jananews.cz\/index.php\/2024\/10\/21\/divadlo-spejbla-a-hurvinka-pristi-rok-docasne-zmeni-pusobiste\/hurvinek9hotel_international2\/'><img width=\"150\" height=\"150\" src=\"https:\/\/jananews.cz\/wp-content\/uploads\/2024\/10\/hurvinek9hotel_International2-150x150.jpg\" class=\"attachment-thumbnail size-thumbnail\" alt=\"\" loading=\"lazy\" \/><\/a>\n\t\t\t<\/div><\/figure><figure class='gallery-item'>\n\t\t\t<div class='gallery-icon landscape'>\n\t\t\t\t<a href='https:\/\/jananews.cz\/index.php\/2024\/10\/21\/divadlo-spejbla-a-hurvinka-pristi-rok-docasne-zmeni-pusobiste\/hurvinek5_peter_palecek3\/'><img width=\"150\" height=\"150\" src=\"https:\/\/jananews.cz\/wp-content\/uploads\/2024\/10\/hurvinek5_Peter_Palec\u030cek3-150x150.jpg\" class=\"attachment-thumbnail size-thumbnail\" alt=\"\" loading=\"lazy\" \/><\/a>\n\t\t\t<\/div><\/figure><figure class='gallery-item'>\n\t\t\t<div class='gallery-icon landscape'>\n\t\t\t\t<a href='https:\/\/jananews.cz\/index.php\/2024\/10\/21\/divadlo-spejbla-a-hurvinka-pristi-rok-docasne-zmeni-pusobiste\/hurvinek7_peter_palecek5\/'><img width=\"150\" height=\"150\" src=\"https:\/\/jananews.cz\/wp-content\/uploads\/2024\/10\/hurvinek7_Peter_Palec\u030cek5-150x150.jpg\" class=\"attachment-thumbnail size-thumbnail\" alt=\"\" loading=\"lazy\" \/><\/a>\n\t\t\t<\/div><\/figure><figure class='gallery-item'>\n\t\t\t<div class='gallery-icon landscape'>\n\t\t\t\t<a href='https:\/\/jananews.cz\/index.php\/2024\/10\/21\/divadlo-spejbla-a-hurvinka-pristi-rok-docasne-zmeni-pusobiste\/hurvinek8_peter_palecek6\/'><img width=\"150\" height=\"150\" src=\"https:\/\/jananews.cz\/wp-content\/uploads\/2024\/10\/hurvinek8_Peter_Palec\u030cek6-150x150.jpg\" class=\"attachment-thumbnail size-thumbnail\" alt=\"\" loading=\"lazy\" \/><\/a>\n\t\t\t<\/div><\/figure><figure class='gallery-item'>\n\t\t\t<div class='gallery-icon landscape'>\n\t\t\t\t<a href='https:\/\/jananews.cz\/index.php\/2024\/10\/21\/divadlo-spejbla-a-hurvinka-pristi-rok-docasne-zmeni-pusobiste\/hurvinek6_peter_palecek4\/'><img width=\"150\" height=\"150\" src=\"https:\/\/jananews.cz\/wp-content\/uploads\/2024\/10\/hurvinek6_Peter_Palec\u030cek4-150x150.jpg\" class=\"attachment-thumbnail size-thumbnail\" alt=\"\" loading=\"lazy\" \/><\/a>\n\t\t\t<\/div><\/figure><figure class='gallery-item'>\n\t\t\t<div class='gallery-icon portrait'>\n\t\t\t\t<a href='https:\/\/jananews.cz\/index.php\/2024\/10\/21\/divadlo-spejbla-a-hurvinka-pristi-rok-docasne-zmeni-pusobiste\/hurvinek4_peter_palecek2\/'><img width=\"150\" height=\"150\" src=\"https:\/\/jananews.cz\/wp-content\/uploads\/2024\/10\/hurvinek4_Peter_Palec\u030cek2-150x150.jpg\" class=\"attachment-thumbnail size-thumbnail\" alt=\"\" loading=\"lazy\" \/><\/a>\n\t\t\t<\/div><\/figure><figure class='gallery-item'>\n\t\t\t<div class='gallery-icon landscape'>\n\t\t\t\t<a href='https:\/\/jananews.cz\/index.php\/2024\/10\/21\/divadlo-spejbla-a-hurvinka-pristi-rok-docasne-zmeni-pusobiste\/hurvinek3_peter_palecek\/'><img width=\"150\" height=\"150\" src=\"https:\/\/jananews.cz\/wp-content\/uploads\/2024\/10\/hurvinek3_Peter_Palec\u030cek-150x150.jpg\" class=\"attachment-thumbnail size-thumbnail\" alt=\"\" loading=\"lazy\" \/><\/a>\n\t\t\t<\/div><\/figure>\n\t\t<\/div>\n\n<p>&nbsp;<\/p>\n","protected":false},"excerpt":{"rendered":"<p>Divadlo Spejbla a Hurv\u00ednka bude kv\u016fli rekonstrukci p\u0159\u00ed\u0161t\u00ed rok hr\u00e1t v dejvick\u00e9m Grandhotelu International.<\/p>\n","protected":false},"author":1,"featured_media":923,"comment_status":"closed","ping_status":"open","sticky":false,"template":"","format":"standard","meta":[],"categories":[7,9],"tags":[],"_links":{"self":[{"href":"https:\/\/jananews.cz\/index.php\/wp-json\/wp\/v2\/posts\/918"}],"collection":[{"href":"https:\/\/jananews.cz\/index.php\/wp-json\/wp\/v2\/posts"}],"about":[{"href":"https:\/\/jananews.cz\/index.php\/wp-json\/wp\/v2\/types\/post"}],"author":[{"embeddable":true,"href":"https:\/\/jananews.cz\/index.php\/wp-json\/wp\/v2\/users\/1"}],"replies":[{"embeddable":true,"href":"https:\/\/jananews.cz\/index.php\/wp-json\/wp\/v2\/comments?post=918"}],"version-history":[{"count":1,"href":"https:\/\/jananews.cz\/index.php\/wp-json\/wp\/v2\/posts\/918\/revisions"}],"predecessor-version":[{"id":928,"href":"https:\/\/jananews.cz\/index.php\/wp-json\/wp\/v2\/posts\/918\/revisions\/928"}],"wp:featuredmedia":[{"embeddable":true,"href":"https:\/\/jananews.cz\/index.php\/wp-json\/wp\/v2\/media\/923"}],"wp:attachment":[{"href":"https:\/\/jananews.cz\/index.php\/wp-json\/wp\/v2\/media?parent=918"}],"wp:term":[{"taxonomy":"category","embeddable":true,"href":"https:\/\/jananews.cz\/index.php\/wp-json\/wp\/v2\/categories?post=918"},{"taxonomy":"post_tag","embeddable":true,"href":"https:\/\/jananews.cz\/index.php\/wp-json\/wp\/v2\/tags?post=918"}],"curies":[{"name":"wp","href":"https:\/\/api.w.org\/{rel}","templated":true}]}}