{"id":96,"date":"2016-03-18T08:36:07","date_gmt":"2016-03-18T07:36:07","guid":{"rendered":"http:\/\/www.jananews.cz\/WP\/index.php\/2016\/03\/18\/iveta-bartosova-krasna-nezname-unikaty-a-rarity\/"},"modified":"2016-03-18T08:36:07","modified_gmt":"2016-03-18T07:36:07","slug":"iveta-bartosova-krasna-nezname-unikaty-a-rarity","status":"publish","type":"post","link":"https:\/\/jananews.cz\/index.php\/2016\/03\/18\/iveta-bartosova-krasna-nezname-unikaty-a-rarity\/","title":{"rendered":"Iveta Barto\u0161ov\u00e1 kr\u00e1sn\u00e1 nezn\u00e1m\u00e1 &#8211; unik\u00e1ty a rarity"},"content":{"rendered":"<p>PRAHA &#8211; K nedo\u017eit\u00fdm pades\u00e1tin\u00e1m obl\u00edben\u00e9 zp\u011bva\u010dky vych\u00e1z\u00ed album Kr\u00e1sn\u00e1 Nezn\u00e1m\u00e1. Jedn\u00e1 se o jedine\u010dn\u00fd soubor nikdy nevydan\u00fdch p\u00edsn\u00ed a p\u00edsn\u00ed, kter\u00e9 kdysi zazn\u011bly pouze z r\u00e1dia \u010di televize, p\u0159\u00edpadn\u011b vy\u0161ly jen digit\u00e1ln\u011b, nebo na n\u011bjak\u00e9m vedlej\u0161\u00edm, ji\u017e d\u00e1vno zapomenut\u00e9m projektu. \u010casto se jde o opravdov\u00e9 rarity z arch\u00edv\u016f. Album Kr\u00e1sn\u00e1 nezn\u00e1m\u00e1 vyjde 1. dubna.<\/p>\n<p>  <!--more-->  <\/p>\n<p>Album zahrnuje skladby, kter\u00e9 vznikaly v pr\u016fb\u011bhu v\u00edce ne\u017e t\u0159iceti let. Mnoh\u00e9 z nich jsou duety, a\u0165 u\u017e s Petrem Sep\u00e9\u0161im \u010di t\u0159eba Michalem Penkem, nebo p\u00edsn\u011b, kter\u00e9 nazp\u00edvala s Baletem \u010di v roce 2010 s Walda Gangem. Nikdy d\u0159\u00edve nezve\u0159ejn\u011bn\u00e9 fotografie Ivety Barto\u0161ov\u00e9 pro obal alba poskytnul pan Milo\u0161 Schmiedberger. Na nov\u00e9m albu Kr\u00e1sn\u00e1 Nezn\u00e1m\u00e1 \u010dek\u00e1 na poslucha\u010de nejedno nejedno p\u0159ekvapen\u00ed. Tady je n\u011bkolik z nich v bli\u017e\u0161\u00edm pohledu:<\/p>\n<p>&#8211; V roce 1983 nahr\u00e1la Iveta v ostravsk\u00e9m rozhlasov\u00e9m studiu sv\u016fj v\u016fbec prvn\u00ed sn\u00edmek Napsal jsi pro m\u011b p\u00edsni\u010dku. Tato p\u00edse\u0148 ji katapultovala na sout\u011b\u017e Mlad\u00e1 p\u00edse\u0148 Jihlava, kde Ivetu objevil skladatel Pavel Vacul\u00edk. Tady za\u010dal p\u0159\u00edb\u011bh Ivetiny hv\u011bzdy. Vz\u00e1cn\u00e1 prvotina byla l\u00e9ta zapomenuta v region\u00e1ln\u00edm rozhlasov\u00e9m archivu a byla objevena a\u017e s osobn\u00edm p\u0159isp\u011bn\u00edm \u0159editele \u010cro v Ostrav\u011b a Olomouci Josefa Podstaty.<\/p>\n<p>&#8211;\u00a0V roce 1986 se Iveta Barto\u0161ov\u00e1 vydala do Bulharska na festival Zlat\u00fd Orfeus s n\u011b\u017enou baladou Jen j\u00e1 a mot\u00fdl od elitn\u00ed autorsk\u00e9 dvojice H\u00e1dl \u2013 Borovec. Jen m\u00e1lokdo v\u00ed, \u017ee se Zden\u011bk Borovec po n\u00e1vratu z Bulharska rozhodnul p\u0159epracovat text. Tak vznikla i zcela nov\u00e1 nahr\u00e1vka, kter\u00e1 byla pou\u017eita na b\u011b\u017en\u00fdch Ivetin\u00fdch desk\u00e1ch. Kr\u00e1sn\u00e1 Nezn\u00e1m\u00e1 poslucha\u010d\u016fm vrac\u00ed zd\u00e1nliv\u011b ztracenou bezkonkuren\u010dn\u00ed p\u016fvodn\u00ed verzi.<\/p>\n<p>&#8211;\u00a0Michal David napsal v roce 1988 jeden ze sv\u00fdch nejv\u011bt\u0161\u00edch hit\u016f Jak snadn\u00e9 uv\u011b\u0159it je lh\u00e1\u0159\u016fm. Tut\u00e9\u017e melodii s jin\u00fdm textem nechal nazp\u00edvat Ivetu Barto\u0161ovou pod n\u00e1zvem Ta chv\u00edle pat\u0159\u00ed n\u00e1m. Osud tomu cht\u011bl, \u017ee Michalova p\u00edse\u0148 z\u00e1\u0159ila, zat\u00edmco jej\u00ed Ivetina verze upadla v zapomn\u011bn\u00ed a byla znovu v pln\u00e9m lesku objevena a\u017e pro toto album.<\/p>\n<p>&#8211; V roce 1989 byla Ivet\u011b p\u0159id\u011blena v\u00fdznamn\u00e1 role v dramaturgii \u010ceskoslovensk\u00e9 spartaki\u00e1dy 1990. Politick\u00fd v\u00fdvoj ale zam\u00edchal kartami a pozoruhodn\u00fd duet Ivety s n\u011bkdej\u0161\u00ed superhv\u011bzdou, dnes u\u017e t\u00e9m\u011b\u0159 nezn\u00e1m\u00fdm Michalem Penkem, byl p\u0159edur\u010den k z\u00e1niku. P\u0159i p\u0159\u00edprav\u011b Kr\u00e1sn\u00e9 Nezn\u00e1m\u00e9 se poda\u0159ilo nahr\u00e1vku Namaluj sv\u016fj velk\u00fd sen dohledat v autorsk\u00fdch archivech a p\u0159ipomenout tak kr\u00e1tk\u00e9 obdob\u00ed intenzivn\u00edho um\u011bleck\u00e9ho i osobn\u00edho sbl\u00ed\u017een\u00ed Ivety s Michalem Penkem.<\/p>\n<p>&#8211; Francouzsk\u00fd lidov\u00fd pop\u011bvek proslaven\u00fd Ivetou pod \u010desk\u00fdm n\u00e1zvem Pomn\u011bnka byl jednou z nejvyda\u0159en\u011bj\u0161\u00edch nahr\u00e1vek na jej\u00edm albu Ve jm\u00e9nu l\u00e1sky, kter\u00e9 znamenalo jej\u00ed triumf\u00e1ln\u00ed n\u00e1vrat na vrchol popularity v druh\u00e9 polovin\u011b 90. let. Nen\u00ed ov\u0161em u\u017e tak zn\u00e1mo, \u017ee jej\u00ed p\u016fvodn\u00ed verze v origin\u00e1ln\u00edm aran\u017em\u00e1 Pavla Vacul\u00edka vy\u0161la u\u017e d\u0159\u00edve na dnes u\u017e pozapomenut\u00e9m projektu V\u00e1no\u010dn\u00ed hv\u011bzdy 2.<\/p>\n<p>&#8211;\u00a0Muzik\u00e1l Johanka z Arku Ond\u0159eje Soukupa a Gabriely Osvaldov\u00e9 je t\u00e9m\u011b\u0159 pro ka\u017ed\u00e9ho spojov\u00e1n se jm\u00e9nem Lucie B\u00edl\u00e9 a s jej\u00ed osobitou interpretac\u00ed role legend\u00e1rn\u00ed sv\u011btice kac\u00ed\u0159ky. Jen znalci si v\u0161ak vzpomenou, \u017ee Lucie B\u00edl\u00e1 tuto roli nakr\u00e1tko opustila. P\u0159\u00edle\u017eitosti se tehdy na pozv\u00e1n\u00ed majitele divadla Petra Kratochv\u00edla chopila Iveta a dala Johance na p\u00f3diu Ta Fantastiky sv\u00e9bytnou novou podobu. \u00dasp\u011bch se okam\u017eit\u011b dostavil. Div\u00e1ci byli uhranuti touto jinou Johankou. Na albu Kr\u00e1sn\u00e1 Nezn\u00e1m\u00e1 vych\u00e1z\u00ed jedin\u00e1 dochovan\u00e1 nahr\u00e1vka Nebe to v\u00ed.<\/p>\n<p>&#8211;\u00a0Klasick\u00fd hit Waldemara Matu\u0161ky Eldor\u00e1do popisuje v textu Ivo Fischera ide\u00e1ln\u00ed sv\u011bt. Pr\u00e1v\u011b ten z\u0159ejm\u011b Iveta marn\u011b hledala v dob\u011b sv\u00e9ho bort\u00edc\u00edho se man\u017eelstv\u00ed s hercem Ji\u0159\u00edm Pomejem. Za doprovodu Walda Gangu tak vznikl naprost\u00fd unik\u00e1t a z\u0159ejm\u011b jedna z p\u00edsn\u00ed, kterou by od Ivety skute\u010dn\u011b v\u016fbec nikdo ne\u010dekal.<\/p>\n<p>O Ivet\u011b Barto\u0161ov\u00e9 se \u010dasto hovo\u0159ilo jako o princezn\u011b \u010desk\u00e9 popov\u00e9 sc\u00e9ny. Ivetina poh\u00e1dka se bohu\u017eel zm\u011bnila v t\u00ed\u017eivou no\u010dn\u00ed m\u016fru s tragick\u00fdm vyvrcholen\u00edm.<\/p>\n<p>Text: Marcela Ko\u010dandrlov\u00e1<br \/>Foto: Milo\u0161 Schmiedberger<\/p>\n<p><img loading=\"lazy\" class=\" size-full wp-image-95\" src=\"https:\/\/jananews.cz\/wp-content\/uploads\/2016\/03\/bartosova_krasnaneznama.jpg\" alt=\"\" width=\"311\" height=\"311\" srcset=\"https:\/\/jananews.cz\/wp-content\/uploads\/2016\/03\/bartosova_krasnaneznama.jpg 480w, https:\/\/jananews.cz\/wp-content\/uploads\/2016\/03\/bartosova_krasnaneznama-300x300.jpg 300w, https:\/\/jananews.cz\/wp-content\/uploads\/2016\/03\/bartosova_krasnaneznama-150x150.jpg 150w, https:\/\/jananews.cz\/wp-content\/uploads\/2016\/03\/bartosova_krasnaneznama-100x100.jpg 100w\" sizes=\"(max-width: 311px) 100vw, 311px\" \/><\/p>\n","protected":false},"excerpt":{"rendered":"<p>PRAHA &#8211; K nedo\u017eit\u00fdm pades\u00e1tin\u00e1m obl\u00edben\u00e9 zp\u011bva\u010dky vych\u00e1z\u00ed album Kr\u00e1sn\u00e1 Nezn\u00e1m\u00e1. Jedn\u00e1 se o jedine\u010dn\u00fd soubor nikdy nevydan\u00fdch p\u00edsn\u00ed a p\u00edsn\u00ed, kter\u00e9 kdysi zazn\u011bly pouze z r\u00e1dia \u010di televize, p\u0159\u00edpadn\u011b vy\u0161ly jen digit\u00e1ln\u011b, nebo na n\u011bjak\u00e9m vedlej\u0161\u00edm, ji\u017e d\u00e1vno zapomenut\u00e9m projektu. \u010casto se jde o opravdov\u00e9 rarity z arch\u00edv\u016f. Album Kr\u00e1sn\u00e1 nezn\u00e1m\u00e1 vyjde 1. dubna.<\/p>\n","protected":false},"author":1,"featured_media":95,"comment_status":"open","ping_status":"open","sticky":false,"template":"","format":"standard","meta":[],"categories":[7],"tags":[],"_links":{"self":[{"href":"https:\/\/jananews.cz\/index.php\/wp-json\/wp\/v2\/posts\/96"}],"collection":[{"href":"https:\/\/jananews.cz\/index.php\/wp-json\/wp\/v2\/posts"}],"about":[{"href":"https:\/\/jananews.cz\/index.php\/wp-json\/wp\/v2\/types\/post"}],"author":[{"embeddable":true,"href":"https:\/\/jananews.cz\/index.php\/wp-json\/wp\/v2\/users\/1"}],"replies":[{"embeddable":true,"href":"https:\/\/jananews.cz\/index.php\/wp-json\/wp\/v2\/comments?post=96"}],"version-history":[{"count":0,"href":"https:\/\/jananews.cz\/index.php\/wp-json\/wp\/v2\/posts\/96\/revisions"}],"wp:featuredmedia":[{"embeddable":true,"href":"https:\/\/jananews.cz\/index.php\/wp-json\/wp\/v2\/media\/95"}],"wp:attachment":[{"href":"https:\/\/jananews.cz\/index.php\/wp-json\/wp\/v2\/media?parent=96"}],"wp:term":[{"taxonomy":"category","embeddable":true,"href":"https:\/\/jananews.cz\/index.php\/wp-json\/wp\/v2\/categories?post=96"},{"taxonomy":"post_tag","embeddable":true,"href":"https:\/\/jananews.cz\/index.php\/wp-json\/wp\/v2\/tags?post=96"}],"curies":[{"name":"wp","href":"https:\/\/api.w.org\/{rel}","templated":true}]}}