{"id":97,"date":"2016-03-21T18:17:28","date_gmt":"2016-03-21T17:17:28","guid":{"rendered":"http:\/\/www.jananews.cz\/WP\/index.php\/2016\/03\/21\/spotreba-velikonocnich-mazancu-v-globusu-rok-od-roku-stoupa-lide-koupi-i-tri-miliony-vajec\/"},"modified":"2020-08-19T22:16:19","modified_gmt":"2020-08-19T20:16:19","slug":"spotreba-velikonocnich-mazancu-v-globusu-rok-od-roku-stoupa-lide-koupi-i-tri-miliony-vajec","status":"publish","type":"post","link":"https:\/\/jananews.cz\/index.php\/2016\/03\/21\/spotreba-velikonocnich-mazancu-v-globusu-rok-od-roku-stoupa-lide-koupi-i-tri-miliony-vajec\/","title":{"rendered":"Spot\u0159eba velikono\u010dn\u00edch mazanc\u016f v Globusu rok od roku stoup\u00e1, lid\u00e9 koup\u00ed i t\u0159i miliony vajec"},"content":{"rendered":"<p>PRAHA &#8211; \u010ce\u0161i maj\u00ed st\u00e1le v\u011bt\u0161\u00ed z\u00e1jem o \u010derstv\u00e9 velikono\u010dn\u00ed pe\u010divo. Nejv\u00edce roste popt\u00e1vka po ru\u010dn\u011b d\u011blan\u00fdch m\u00e1slov\u00fdch mazanc\u00edch, obl\u00edben\u00e9 jsou i sladk\u00e9 jid\u00e1\u0161e. Peka\u0159i hypermarket\u016f Globus upe\u010dou do Velikonoc skoro 200 tis\u00edc kus\u016f tradi\u010dn\u00edho pe\u010diva, mouku na jejich v\u00fdrobu jim dod\u00e1vaj\u00ed region\u00e1ln\u00ed mlyn\u00e1\u0159i.<\/p>\n<p><!--more--><\/p>\n<p>Popt\u00e1vka po mazanc\u00edch meziro\u010dn\u011b roste o 20 procent. \u201eMazance jsou mezi lidmi ka\u017ed\u00fdm rokem obl\u00edben\u011bj\u0161\u00ed, popt\u00e1vka roste meziro\u010dn\u011b o 20 procent. P\u0159edpokl\u00e1d\u00e1me, \u017ee letos jich prod\u00e1me 95 tis\u00edc kus\u016f. Peka\u0159\u016fm projde rukama p\u0159i v\u00fdrob\u011b mazanc\u016f 13 tun rozinek, 5 tun m\u00e1sla a 4 tuny mandlov\u00fdch pl\u00e1tk\u016f,\u201c \u0159\u00edk\u00e1 za Globus vedouc\u00ed pek\u00e1ren a cukr\u00e1\u0159sk\u00e9 v\u00fdroby Pavel Meduna. \u201eVedle mazanc\u016f p\u0159iprav\u00edme tak\u00e9 p\u0159es 100 tis\u00edc velikono\u010dn\u00edch jid\u00e1\u0161\u016f, mnoho ru\u010dn\u011b d\u011blan\u00fdch dort\u016f i z\u00e1kusk\u016f. Suroviny na v\u00fdrobu velikono\u010dn\u00edho i nesezonn\u00edho peka\u0159sk\u00e9ho a cukr\u00e1\u0159sk\u00e9ho sortimentu bereme od prov\u011b\u0159en\u00fdch dodavatel\u016f,\u201c dod\u00e1v\u00e1. Peka\u0159i i cukr\u00e1\u0159i z pek\u00e1ren v\u0161ech patn\u00e1cti hypermarket\u016f Globus mus\u00ed p\u0159ed Velikonocemi od \u010dtvrtka pracovat nep\u0159etr\u017eit\u011b 24 hodin, aby v\u0161e stihli a uspokojili popt\u00e1vku po pe\u010divu a cukrovink\u00e1ch.<\/p>\n<p>Nejinak tomu je v \u0159eznictv\u00edch zm\u00edn\u011bn\u00e9ho hypermarketu. B\u011bhem Velikonoc stoupaj\u00ed prodeje ve\u0161ker\u00fdch druh\u016f mas a uzenin. Nejv\u011bt\u0161\u00ed n\u00e1r\u016fsty v \u0159\u00e1du des\u00edtek procent jsou v p\u0159edvelikono\u010dn\u00edm obdob\u00ed zejm\u00e9na u m\u00e9n\u011b tradi\u010dn\u00edch druh\u016f masa, jako je telec\u00ed, jehn\u011b\u010d\u00ed, kr\u016ft\u00ed nebo kr\u00e1li\u010d\u00ed.<\/p>\n<p>B\u00edl\u00e1 vejce a \u010dokol\u00e1dov\u00e9 figurky nejen pro koledn\u00edky&#8230; V\u011bt\u0161ina \u010cech\u016f si Velikonoce nedovede p\u0159edstavit bez vajec. V b\u0159eznu se jich prod\u00e1 t\u00e9m\u011b\u0159 t\u0159i miliony. \u201eP\u0159ed Velikonocemi v\u017edy za\u0159azujeme do sortimentu i b\u00edl\u00e1 vejce, po kter\u00fdch je popt\u00e1vka nejvy\u0161\u0161\u00ed. D\u00e1le budeme m\u00edt vejce va\u0159en\u00e1, ji\u017e obarven\u00e1, pro ty, kte\u0159\u00ed nest\u00edhaj\u00ed ozdobit vlastn\u00ed kraslice,\u201c \u0159\u00edk\u00e1 mluv\u010d\u00ed Globusu Pavla Hob\u00edkov\u00e1 a pokra\u010duje: \u201eVy\u0161\u0161\u00ed je i popt\u00e1vka po dut\u00fdch \u010dokol\u00e1dov\u00fdch figurk\u00e1ch s velikono\u010dn\u00ed tematikou, kter\u00e9 nej\u010dast\u011bji dost\u00e1vaj\u00ed hodovn\u00edci jako koledu. Z\u00e1jem je tak\u00e9 o men\u0161\u00ed kusy vaj\u00ed\u010dek a zaj\u00ed\u010dk\u016f. V\u0161echny nab\u00edzen\u00e9 velikono\u010dn\u00ed \u010dokol\u00e1dov\u00e9 v\u00fdrobky jsou z opravdov\u00e9 \u010dokol\u00e1dy a ne z pouh\u00fdch n\u00e1hra\u017eek. Rok od roku se zvy\u0161uj\u00ed odprodeje dra\u017e\u0161\u00edch figurek, u nich\u017e z\u00e1kazn\u00edci za\u010d\u00ednaj\u00ed up\u0159ednost\u0148ovat ho\u0159kou \u010dokol\u00e1du s vysok\u00fdm pod\u00edlem kakaa.\u201c<\/p>\n<p>Prodeje p\u0159ed velikono\u010dn\u00edmi sv\u00e1tky v\u00fdrazn\u011b ovliv\u0148uje po\u010das\u00ed. V p\u0159\u00edpad\u011b ryze jarn\u00edch teplot bude velk\u00e1 \u010d\u00e1st z\u00e1kazn\u00edk\u016f tr\u00e1vit sv\u00e1tek na chalup\u011b. \u201ePak lze krom\u011b prodej\u016f klasick\u00e9ho velikono\u010dn\u00edho sortimentu o\u010dek\u00e1vat i zv\u00fd\u0161en\u00fd z\u00e1jem o pe\u010divo a maso, kter\u00e9 je vhodn\u00e9 ke grilov\u00e1n\u00ed. O pozn\u00e1n\u00ed v\u00fdrazn\u011b vy\u0161\u0161\u00ed z\u00e1jem je ale v takov\u00e9m p\u0159\u00edpad\u011b tak\u00e9 o alkohol. Ten je toti\u017e ned\u00edlnou sou\u010d\u00e1st\u00ed odm\u011bny koledn\u00edk\u016fm zejm\u00e9na na venkov\u011b, \u201c uzav\u00edr\u00e1 Pavla Hob\u00edkov\u00e1, mluv\u010d\u00ed hypermarket\u016f Globus.<\/p>\n<p>Text: Pavla Hob\u00edkov\u00e1<br \/>\nZdroj: Botticeli<\/p>\n","protected":false},"excerpt":{"rendered":"<p>PRAHA &#8211; \u010ce\u0161i maj\u00ed st\u00e1le v\u011bt\u0161\u00ed z\u00e1jem o \u010derstv\u00e9 velikono\u010dn\u00ed pe\u010divo. Nejv\u00edce roste popt\u00e1vka po ru\u010dn\u011b d\u011blan\u00fdch m\u00e1slov\u00fdch mazanc\u00edch, obl\u00edben\u00e9 jsou i sladk\u00e9 jid\u00e1\u0161e. Peka\u0159i hypermarket\u016f Globus upe\u010dou do Velikonoc skoro 200 tis\u00edc kus\u016f tradi\u010dn\u00edho pe\u010diva, mouku na jejich v\u00fdrobu jim dod\u00e1vaj\u00ed region\u00e1ln\u00ed mlyn\u00e1\u0159i.<\/p>\n","protected":false},"author":1,"featured_media":46,"comment_status":"open","ping_status":"open","sticky":false,"template":"","format":"standard","meta":[],"categories":[8],"tags":[],"_links":{"self":[{"href":"https:\/\/jananews.cz\/index.php\/wp-json\/wp\/v2\/posts\/97"}],"collection":[{"href":"https:\/\/jananews.cz\/index.php\/wp-json\/wp\/v2\/posts"}],"about":[{"href":"https:\/\/jananews.cz\/index.php\/wp-json\/wp\/v2\/types\/post"}],"author":[{"embeddable":true,"href":"https:\/\/jananews.cz\/index.php\/wp-json\/wp\/v2\/users\/1"}],"replies":[{"embeddable":true,"href":"https:\/\/jananews.cz\/index.php\/wp-json\/wp\/v2\/comments?post=97"}],"version-history":[{"count":1,"href":"https:\/\/jananews.cz\/index.php\/wp-json\/wp\/v2\/posts\/97\/revisions"}],"predecessor-version":[{"id":535,"href":"https:\/\/jananews.cz\/index.php\/wp-json\/wp\/v2\/posts\/97\/revisions\/535"}],"wp:featuredmedia":[{"embeddable":true,"href":"https:\/\/jananews.cz\/index.php\/wp-json\/wp\/v2\/media\/46"}],"wp:attachment":[{"href":"https:\/\/jananews.cz\/index.php\/wp-json\/wp\/v2\/media?parent=97"}],"wp:term":[{"taxonomy":"category","embeddable":true,"href":"https:\/\/jananews.cz\/index.php\/wp-json\/wp\/v2\/categories?post=97"},{"taxonomy":"post_tag","embeddable":true,"href":"https:\/\/jananews.cz\/index.php\/wp-json\/wp\/v2\/tags?post=97"}],"curies":[{"name":"wp","href":"https:\/\/api.w.org\/{rel}","templated":true}]}}