{"id":99,"date":"2016-03-21T19:26:12","date_gmt":"2016-03-21T18:26:12","guid":{"rendered":"http:\/\/www.jananews.cz\/WP\/index.php\/2016\/03\/21\/ve-zline-hledaji-nekdejsi-detske-filmove-hvezdy-z-metracka-nebo-petky-s-hvezdickou\/"},"modified":"2016-03-21T19:26:12","modified_gmt":"2016-03-21T18:26:12","slug":"ve-zline-hledaji-nekdejsi-detske-filmove-hvezdy-z-metracka-nebo-petky-s-hvezdickou","status":"publish","type":"post","link":"https:\/\/jananews.cz\/index.php\/2016\/03\/21\/ve-zline-hledaji-nekdejsi-detske-filmove-hvezdy-z-metracka-nebo-petky-s-hvezdickou\/","title":{"rendered":"Ve Zl\u00edn\u011b hledaj\u00ed n\u011bkdej\u0161\u00ed d\u011btsk\u00e9 filmov\u00e9 hv\u011bzdy z Metr\u00e1\u010dka nebo P\u011btky s hv\u011bzdi\u010dkou"},"content":{"rendered":"<p>ZL\u00cdN &#8211; Herce z film\u016f Mal\u00fd velk\u00fd hokejista, Pohla\u010f ko\u010dce u\u0161i, Metr\u00e1\u010dek, Kopretiny pro z\u00e1meckou pan\u00ed, P\u011btka s hv\u011bzdi\u010dkou, V\u00fdbuch bude v p\u011bt a \u0159ady dal\u0161\u00edch hledaj\u00ed po\u0159adatel\u00e9 festivalu film\u016f pro d\u011bti a ml\u00e1de\u017e ve Zl\u00edn\u011b.<\/p>\n<p>  <!--more-->  <\/p>\n<p>\u00a0<\/p>\n<p>\u201eNa leto\u0161n\u00edm ro\u010dn\u00edku si budeme p\u0159ipom\u00ednat 80 let od vzniku zl\u00ednsk\u00fdch ateli\u00e9r\u016f, a tak chyst\u00e1me setk\u00e1n\u00ed n\u011bkdej\u0161\u00edch d\u011btsk\u00fdch hv\u011bzd,\u201c v\u00fdkonn\u00fd v\u00fdkonn\u00fd \u0159editel p\u0159ehl\u00eddky Martin P\u00e1\u0161ma, podle n\u011bho\u017e ve zl\u00ednsk\u00fdch ateli\u00e9rech, kter\u00e9 v roce 1936 nechala na Kudlov\u011b postavit firma Ba\u0165a, se nato\u010dily des\u00edtky film\u016f a seri\u00e1l\u016f pro d\u011bti.<\/p>\n<p>\u201eNa speci\u00e1ln\u00edm stek\u00e1n\u00ed chceme zjistit, jak na filmov\u00e1n\u00ed dnes vzpom\u00ednaj\u00ed, zda ovlivnilo jejich dal\u0161\u00ed \u017eivot nebo t\u0159eba co jim dalo setk\u00e1n\u00ed s v\u00fdznamn\u00fdmi filma\u0159i. Proto bychom byli r\u00e1di, kdyby se herci a here\u010dky d\u011btsk\u00fdch rol\u00ed p\u0159ihl\u00e1sili,\u201c dodal \u0159editel. \u00a0<\/p>\n<p>Leto\u0161n\u00ed ji\u017e 56. Mezin\u00e1rodn\u00ed festival film\u016f pro d\u011bti a ml\u00e1de\u017e se ve Zl\u00edn\u011b kon\u00e1 od 27. kv\u011btna do 3. cervna. Zam\u011b\u0159en bude na francouzskou kinematografii. Jedn\u00edm z hlavn\u00edch t\u00e9mat bude rovn\u011b\u017e 80. v\u00fdro\u010d\u00ed vzniku kudlovsk\u00fdch ateli\u00e9r\u016f, je\u017e organiz\u00e1to\u0159i vtiskli i do vizu\u00e1lu p\u0159ehl\u00eddky.<\/p>\n<p>Text: Ji\u0159\u00ed K. R\u016f\u017ei\u010dka<\/p>\n<p>Foto: Archiv film festivalu Zl\u00edn\u00a0<\/p>\n<p><img loading=\"lazy\" class=\" size-full wp-image-98\" src=\"https:\/\/jananews.cz\/wp-content\/uploads\/2016\/03\/zlin_fest.jpg\" alt=\"\" width=\"517\" height=\"314\" srcset=\"https:\/\/jananews.cz\/wp-content\/uploads\/2016\/03\/zlin_fest.jpg 428w, https:\/\/jananews.cz\/wp-content\/uploads\/2016\/03\/zlin_fest-300x182.jpg 300w\" sizes=\"(max-width: 517px) 100vw, 517px\" \/><\/p>\n<p>\u00a0<\/p>\n","protected":false},"excerpt":{"rendered":"<p>ZL\u00cdN &#8211; Herce z film\u016f Mal\u00fd velk\u00fd hokejista, Pohla\u010f ko\u010dce u\u0161i, Metr\u00e1\u010dek, Kopretiny pro z\u00e1meckou pan\u00ed, P\u011btka s hv\u011bzdi\u010dkou, V\u00fdbuch bude v p\u011bt a \u0159ady dal\u0161\u00edch hledaj\u00ed po\u0159adatel\u00e9 festivalu film\u016f pro d\u011bti a ml\u00e1de\u017e ve Zl\u00edn\u011b.<\/p>\n","protected":false},"author":1,"featured_media":98,"comment_status":"open","ping_status":"open","sticky":false,"template":"","format":"standard","meta":[],"categories":[7],"tags":[],"_links":{"self":[{"href":"https:\/\/jananews.cz\/index.php\/wp-json\/wp\/v2\/posts\/99"}],"collection":[{"href":"https:\/\/jananews.cz\/index.php\/wp-json\/wp\/v2\/posts"}],"about":[{"href":"https:\/\/jananews.cz\/index.php\/wp-json\/wp\/v2\/types\/post"}],"author":[{"embeddable":true,"href":"https:\/\/jananews.cz\/index.php\/wp-json\/wp\/v2\/users\/1"}],"replies":[{"embeddable":true,"href":"https:\/\/jananews.cz\/index.php\/wp-json\/wp\/v2\/comments?post=99"}],"version-history":[{"count":0,"href":"https:\/\/jananews.cz\/index.php\/wp-json\/wp\/v2\/posts\/99\/revisions"}],"wp:featuredmedia":[{"embeddable":true,"href":"https:\/\/jananews.cz\/index.php\/wp-json\/wp\/v2\/media\/98"}],"wp:attachment":[{"href":"https:\/\/jananews.cz\/index.php\/wp-json\/wp\/v2\/media?parent=99"}],"wp:term":[{"taxonomy":"category","embeddable":true,"href":"https:\/\/jananews.cz\/index.php\/wp-json\/wp\/v2\/categories?post=99"},{"taxonomy":"post_tag","embeddable":true,"href":"https:\/\/jananews.cz\/index.php\/wp-json\/wp\/v2\/tags?post=99"}],"curies":[{"name":"wp","href":"https:\/\/api.w.org\/{rel}","templated":true}]}}